{"id":138,"date":"2020-08-19T13:13:33","date_gmt":"2020-08-19T13:13:33","guid":{"rendered":"http:\/\/8degreethemes.com\/demo\/the100\/classic\/?p=138"},"modified":"2022-10-01T09:38:15","modified_gmt":"2022-10-01T09:38:15","slug":"bw","status":"publish","type":"post","link":"https:\/\/www.as-i.pl\/index.php\/2020\/08\/19\/bw\/","title":{"rendered":"Bihl+Wiedemann"},"content":{"rendered":"<p style=\"text-align: justify;\"><span style=\"color: #000000;\">Firma Bihl+Wiedemann jest dostawc\u0105 urz\u0105dze\u0144 automatyki, zwi\u0105zanych z technologi\u0105 sterowania maszynami oraz ca\u0142ymi liniami technologicznymi, w oparciu o sie\u0107 przemys\u0142ow\u0105 As-Interface. Firma jest niekwestionownym liderem w zakresie interfejsu ASi!<\/span><\/p>\n<p><\/p>\n\n<div class=\"wp-block-image\">\n<figure class=\"aligncenter size-large\"><img loading=\"lazy\" decoding=\"async\" width=\"550\" height=\"154\" src=\"https:\/\/www.as-i.pl\/wp-content\/uploads\/Main_WebSites\/csm_Zitat-BW_EN_16724beaf0.png\" alt=\"\" class=\"wp-image-714\" srcset=\"https:\/\/www.as-i.pl\/wp-content\/uploads\/Main_WebSites\/csm_Zitat-BW_EN_16724beaf0.png 550w, https:\/\/www.as-i.pl\/wp-content\/uploads\/Main_WebSites\/csm_Zitat-BW_EN_16724beaf0-300x84.png 300w\" sizes=\"auto, (max-width: 550px) 100vw, 550px\" \/><\/figure>\n<\/div>\n\n\n<div style=\"height:54px\" aria-hidden=\"true\" class=\"wp-block-spacer\"><\/div>\n\n\n\n<h2><span style=\"color: #000000;\">Mi\u0119dzynarodowe sp\u00f3\u0142ki zale\u017cne i partnerzy handlowi<\/span><\/h2>\n<p style=\"text-align: justify;\"><br><span style=\"color: #000000;\">Po\u0142\u0105czenie si\u0142y opartej na innowacji i d\u0142ugotrwa\u0142ych relacji z klientami zapewni\u0142o firmie B+W ci\u0105g\u0142y rozw\u00f3j. Opr\u00f3cz siedziby g\u0142\u00f3wnej w Mannheim firma Bihl+Wiedemann posiada r\u00f3wnie\u017c oddzia\u0142y w USA, Chinach, Turcji, Danii i Hiszpanii. Obecnie jeste\u015bmy r\u00f3wnie\u017c reprezentowani przez mi\u0119dzynarodowych partner\u00f3w handlowych w ponad 30 krajach.<\/span><\/p>\n\n\n\n<div style=\"height:33px\" aria-hidden=\"true\" class=\"wp-block-spacer\"><\/div>\n\n\n<div class=\"wp-block-image\">\n<figure class=\"aligncenter size-large\"><a href=\"https:\/\/www.as-i.pl\/wp-content\/uploads\/Main_WebSites\/csm_en_BW_Meilensteine-Strahl_2010-2020_Stand2020_neg_RGB_c1f7fcec5d.png\" target=\"_blank\" rel=\"noopener noreferrer\"><img loading=\"lazy\" decoding=\"async\" width=\"1024\" height=\"576\" src=\"https:\/\/www.as-i.pl\/wp-content\/uploads\/Main_WebSites\/csm_en_BW_Meilensteine-Strahl_2010-2020_Stand2020_neg_RGB_c1f7fcec5d-1024x576.png\" alt=\"\" class=\"wp-image-707\" srcset=\"https:\/\/www.as-i.pl\/wp-content\/uploads\/Main_WebSites\/csm_en_BW_Meilensteine-Strahl_2010-2020_Stand2020_neg_RGB_c1f7fcec5d-1024x576.png 1024w, https:\/\/www.as-i.pl\/wp-content\/uploads\/Main_WebSites\/csm_en_BW_Meilensteine-Strahl_2010-2020_Stand2020_neg_RGB_c1f7fcec5d-300x169.png 300w, https:\/\/www.as-i.pl\/wp-content\/uploads\/Main_WebSites\/csm_en_BW_Meilensteine-Strahl_2010-2020_Stand2020_neg_RGB_c1f7fcec5d-768x432.png 768w, https:\/\/www.as-i.pl\/wp-content\/uploads\/Main_WebSites\/csm_en_BW_Meilensteine-Strahl_2010-2020_Stand2020_neg_RGB_c1f7fcec5d.png 1280w\" sizes=\"auto, (max-width: 1024px) 100vw, 1024px\" \/><\/a><\/figure>\n<\/div>\n\n\n<div style=\"height:27px\" aria-hidden=\"true\" class=\"wp-block-spacer\"><\/div>\n\n\n\n<div class=\"wp-block-columns is-layout-flex wp-container-core-columns-is-layout-9d6595d7 wp-block-columns-is-layout-flex\">\n<div class=\"wp-block-column is-layout-flow wp-block-column-is-layout-flow\">\n<figure class=\"wp-block-embed is-type-video is-provider-vimeo wp-block-embed-vimeo wp-embed-aspect-16-9 wp-has-aspect-ratio\"><div class=\"wp-block-embed__wrapper\">\n<iframe loading=\"lazy\" title=\"About Bihl+Wiedemann\" src=\"https:\/\/player.vimeo.com\/video\/323224429?dnt=1&amp;app_id=122963\" width=\"640\" height=\"360\" frameborder=\"0\" allow=\"autoplay; fullscreen; picture-in-picture; clipboard-write\"><\/iframe>\n<\/div><\/figure>\n<\/div>\n\n\n\n<div class=\"wp-block-column is-layout-flow wp-block-column-is-layout-flow\">\n<figure class=\"wp-block-embed is-type-video is-provider-vimeo wp-block-embed-vimeo wp-embed-aspect-16-9 wp-has-aspect-ratio\"><div class=\"wp-block-embed__wrapper\">\n<iframe loading=\"lazy\" title=\"Drohnenaufnahme\" src=\"https:\/\/player.vimeo.com\/video\/320463310?dnt=1&amp;app_id=122963\" width=\"640\" height=\"360\" frameborder=\"0\" allow=\"autoplay; fullscreen; picture-in-picture; clipboard-write\"><\/iframe>\n<\/div><\/figure>\n<\/div>\n<\/div>\n\n\n\n<div style=\"height:37px\" aria-hidden=\"true\" class=\"wp-block-spacer\"><\/div>\n\n\n\n<h2>Reprezentacja w wielu sektorach<\/h2>\n<p style=\"text-align: justify;\"><br \/><span style=\"color: #000000;\">Coraz wi\u0119cej przedsi\u0119biorstw z r\u00f3\u017cnych bran\u017c wybiera obecnie rozwi\u0105zania ASi firmy Bihl+Wiedemann do automatyzacji swoich linii produkcyjnych i zautomatyzowanych system\u00f3w sterownia. System oparty na magistrali otwartej jest szczeg\u00f3lnie rozpowszechniony w automatyce przemys\u0142owej, gospodarce materia\u0142owej jak i u producent\u00f3w OEM.<\/span><\/p>\n<h4 style=\"text-align: center;\">Obszary zastosowania AS-Interface:<\/h4>\n<p style=\"text-align: center;\"><span style=\"color: #000000;\">Automatyzacja systemowa<\/span><br \/><span style=\"color: #000000;\">Automatyzacja proces\u00f3w<\/span><br \/><strong><a href=\"https:\/\/www.bihl-wiedemann.de\/p1\/applications\/automation-technology\/building-automation.html\">Automatyka budynkowa<\/a><\/strong><br \/><span style=\"color: #000000;\">OEM<\/span><br \/><span style=\"color: #000000;\">Systemy transportowe (okr\u0119towe, kolejowe, drogowe)<\/span><br \/><span style=\"color: #000000;\">Automatyka przemys\u0142owa<\/span><br \/><strong><a href=\"https:\/\/www.bihl-wiedemann.de\/p1\/applications\/automation-technology\/packaging-technology.html\">Automatyzacja w przemy\u015ble pakowania<\/a><\/strong><br \/><span style=\"color: #000000;\">Obrabiarki<\/span><br \/><span style=\"color: #000000;\">Transport materia\u0142\u00f3w \/ sterowanie nap\u0119dami<\/span><br \/><span style=\"color: #000000;\"><em>i wiele innych<\/em><\/span><\/p>\n\n\n\n<hr class=\"wp-block-separator has-css-opacity\"\/>\n","protected":false},"excerpt":{"rendered":"<p>Firma jest dostawc\u0105 urz\u0105dze\u0144 automatyki, zwi\u0105zanych z technologi\u0105 sterowania maszynami oraz ca\u0142ymi liniami technologicznymi, w oparciu o sie\u0107 przemys\u0142ow\u0105 As-Interface.<\/p>\n","protected":false},"author":1,"featured_media":2669,"comment_status":"closed","ping_status":"closed","sticky":false,"template":"","format":"standard","meta":{"footnotes":""},"categories":[9],"tags":[],"class_list":["post-138","post","type-post","status-publish","format-standard","has-post-thumbnail","hentry","category-linki"],"_links":{"self":[{"href":"https:\/\/www.as-i.pl\/index.php\/wp-json\/wp\/v2\/posts\/138","targetHints":{"allow":["GET"]}}],"collection":[{"href":"https:\/\/www.as-i.pl\/index.php\/wp-json\/wp\/v2\/posts"}],"about":[{"href":"https:\/\/www.as-i.pl\/index.php\/wp-json\/wp\/v2\/types\/post"}],"author":[{"embeddable":true,"href":"https:\/\/www.as-i.pl\/index.php\/wp-json\/wp\/v2\/users\/1"}],"replies":[{"embeddable":true,"href":"https:\/\/www.as-i.pl\/index.php\/wp-json\/wp\/v2\/comments?post=138"}],"version-history":[{"count":17,"href":"https:\/\/www.as-i.pl\/index.php\/wp-json\/wp\/v2\/posts\/138\/revisions"}],"predecessor-version":[{"id":2665,"href":"https:\/\/www.as-i.pl\/index.php\/wp-json\/wp\/v2\/posts\/138\/revisions\/2665"}],"wp:featuredmedia":[{"embeddable":true,"href":"https:\/\/www.as-i.pl\/index.php\/wp-json\/wp\/v2\/media\/2669"}],"wp:attachment":[{"href":"https:\/\/www.as-i.pl\/index.php\/wp-json\/wp\/v2\/media?parent=138"}],"wp:term":[{"taxonomy":"category","embeddable":true,"href":"https:\/\/www.as-i.pl\/index.php\/wp-json\/wp\/v2\/categories?post=138"},{"taxonomy":"post_tag","embeddable":true,"href":"https:\/\/www.as-i.pl\/index.php\/wp-json\/wp\/v2\/tags?post=138"}],"curies":[{"name":"wp","href":"https:\/\/api.w.org\/{rel}","templated":true}]}}