{"id":1986,"date":"2021-04-14T09:41:37","date_gmt":"2021-04-14T09:41:37","guid":{"rendered":"https:\/\/www.as-i.pl\/?p=1986"},"modified":"2022-10-01T10:08:49","modified_gmt":"2022-10-01T10:08:49","slug":"nowa-generacja-zasilaczy-30v-dla-asi5-wieksza-wydajnosc-i-kompaktowosc-z-ulepszona-diagnostyka","status":"publish","type":"post","link":"https:\/\/www.as-i.pl\/index.php\/2021\/04\/14\/nowa-generacja-zasilaczy-30v-dla-asi5-wieksza-wydajnosc-i-kompaktowosc-z-ulepszona-diagnostyka\/","title":{"rendered":"Nowa generacja zasilaczy 30V dla ASi5 &#8211; wi\u0119ksza wydajno\u015b\u0107 i kompaktowo\u015b\u0107 z ulepszon\u0105 diagnostyk\u0105."},"content":{"rendered":"\n\n\n<p style=\"text-align: justify;\"><span style=\"color: #000000;\">Uzupe\u0142niamy nasz\u0105 ofert\u0119 zasilaczy 30VDC o nowe, znacznie lepsze modele. Wszystkie zasilacze zosta\u0142y <strong>zaprojektowane z pe\u0142nym wsparciem standardu ASi5<\/strong>, ale idealnie nadaj\u0105 si\u0119 r\u00f3wnie\u017c do <strong>aplikacji opartych na ASi3<\/strong>. Zoptymalizowano wszystkie elementy sk\u0142adowe zasilaczy, a zak\u0142\u00f3cenia, tak cz\u0119sto pojawiaj\u0105ce si\u0119 przy niskojako\u015bciowych produktach, zosta\u0142y zredukowane do ca\u0142kowitego minimum, szczeg\u00f3lnie w obszarach istotnych z uwagi na komunikacj\u0119 ASi5\/ASi3.<span class=\"Apple-converted-space\">&nbsp;<\/span><\/span><\/p>\n\n\n\n<div style=\"height:20px\" aria-hidden=\"true\" class=\"wp-block-spacer\"><\/div>\n\n\n\n<h2 class=\"wp-block-heading\"><strong>Zasilacze 30VDC jaki zamienniki zasilaczy ASi<\/strong><\/h2>\n\n\n\n<p style=\"text-align: justify;\"><span style=\"color: #000000;\">Nowa rodzina zoptymalizowanych i unowocze\u015bnionych zasilaczy 30VDC zast\u0119puje poprzedni\u0105 generacj\u0119 zasilaczy ASi, kt\u00f3re pozostan\u0105 dost\u0119pne, jako urz\u0105dzenia zast\u0119pcze. Jednak\u017ce przy projektowaniu nowego system lub modernizacji istniej\u0105cej instalacji zawsze zalecamy stosowanie nowych zasilaczy 30VDC w po\u0142\u0105czeniu z bramkami (Masterami) ASi5\/ASi3.<span class=\"Apple-converted-space\">&nbsp;<\/span><\/span><\/p>\n\n\n\n<div style=\"height:20px\" aria-hidden=\"true\" class=\"wp-block-spacer\"><\/div>\n\n\n<div class=\"wp-block-image\">\n<figure class=\"aligncenter size-large\"><img loading=\"lazy\" decoding=\"async\" width=\"1000\" height=\"639\" src=\"https:\/\/www.as-i.pl\/wp-content\/uploads\/2021\/04\/PowerSupplies.png\" alt=\"\" class=\"wp-image-1989\" srcset=\"https:\/\/www.as-i.pl\/wp-content\/uploads\/2021\/04\/PowerSupplies.png 1000w, https:\/\/www.as-i.pl\/wp-content\/uploads\/2021\/04\/PowerSupplies-300x192.png 300w, https:\/\/www.as-i.pl\/wp-content\/uploads\/2021\/04\/PowerSupplies-768x491.png 768w\" sizes=\"auto, (max-width: 1000px) 100vw, 1000px\" \/><figcaption>Bihl+Wiedemann oferuje pe\u0142ny zakres zasilaczy zoptymalizowanych do ka\u017cdego typu aplikacji.&nbsp;<br><\/figcaption><\/figure>\n<\/div>\n\n\n<div style=\"height:20px\" aria-hidden=\"true\" class=\"wp-block-spacer\"><\/div>\n\n\n\n<h2 class=\"wp-block-heading\"><strong>Zalety nowych zasilaczy<\/strong><\/h2>\n\n\n\n<div style=\"height:20px\" aria-hidden=\"true\" class=\"wp-block-spacer\"><\/div>\n\n\n\n<p style=\"text-align: justify;\"><span style=\"color: #000000;\"><img loading=\"lazy\" decoding=\"async\" class=\"alignnone size-full wp-image-1416\" src=\"https:\/\/www.as-i.pl\/wp-content\/uploads\/2020\/10\/green_marker.png\" alt=\"\" width=\"20\" height=\"20\">&nbsp;<strong>Bezproblemowa komunikacja ASi5<\/strong> &#8211; wszystkie zasilacze nowej generacji zosta\u0142y zoptymalizowane i gruntownie przetestowane pod k\u0105tem wsp\u00f3\u0142pracy z bramkami ASi5 i ASi3;<\/span><\/p>\n<p style=\"text-align: justify;\"><span style=\"color: #000000;\"><img loading=\"lazy\" decoding=\"async\" class=\"alignnone size-full wp-image-1416\" src=\"https:\/\/www.as-i.pl\/wp-content\/uploads\/2020\/10\/green_marker.png\" alt=\"\" width=\"20\" height=\"20\">&nbsp;<strong>Ni\u017csze koszty<\/strong> &#8211; zasilacze 30V s\u0105 ta\u0144sze ni\u017c rozwi\u0105zania poprzednich generacji. Wp\u0142ywa na to przede wszystkim fakt, \u017ce uk\u0142ad \u201cdata decoupling\u201d jest teraz zintegrowany w naszych brankach ASi5\/ASi3 a nie jednostkach zasilaj\u0105cych;<span class=\"Apple-converted-space\">&nbsp;<\/span><\/span><\/p>\n<p style=\"text-align: justify;\"><span style=\"color: #000000;\"><img loading=\"lazy\" decoding=\"async\" class=\"alignnone size-full wp-image-1416\" src=\"https:\/\/www.as-i.pl\/wp-content\/uploads\/2020\/10\/green_marker.png\" alt=\"\" width=\"20\" height=\"20\">&nbsp;<strong>Mniejsze wymiary<\/strong> &#8211; zawalcz\u0119 30V maj\u0105 bardziej kompaktow\u0105 konstrukcj\u0119, szczeg\u00f3lnie w por\u00f3wnaniu do zasilaczy ASi. Mo\u017cliwo\u015b\u0107 ich instalacji bezpo\u015brednio ko\u0142o siebie wp\u0142ywa na znaczne ograniczenie miejsca w szafie sterowniczej, co przek\u0142ada si\u0119 na korzy\u015bci ekonomiczne;<\/span><\/p>\n<p style=\"text-align: justify;\"><span style=\"color: #000000;\"><img loading=\"lazy\" decoding=\"async\" class=\"alignnone size-full wp-image-1416\" src=\"https:\/\/www.as-i.pl\/wp-content\/uploads\/2020\/10\/green_marker.png\" alt=\"\" width=\"20\" height=\"20\">&nbsp;<strong>Szczeg\u00f3\u0142owa diagnostyka<\/strong> &#8211; zasilacze 30V, w po\u0142\u0105czeniu z naszymi bramkami ASi5\/ASi3, umo\u017cliwiaj\u0105 sta\u0142y wgl\u0105d w warto\u015bci parametr\u00f3w zasilania systemu;<\/span><\/p>\n<p style=\"text-align: justify;\"><span style=\"color: #000000;\"><img loading=\"lazy\" decoding=\"async\" class=\"alignnone size-full wp-image-1416\" src=\"https:\/\/www.as-i.pl\/wp-content\/uploads\/2020\/10\/green_marker.png\" alt=\"\" width=\"20\" height=\"20\">&nbsp;<strong>Zasilacze odpowiednie do ka\u017cdej aplikacji<\/strong> &#8211; zakres nowej rodziny zasilaczy obejmuje sze\u015b\u0107 typ\u00f3w, r\u00f3\u017cni\u0105cych si\u0119 wydajno\u015bci\u0105 pr\u0105dow\u0105 i wykonaniem. Idealnie wsp\u00f3\u0142pracuj\u0105 r\u00f3wnie\u017c ze starszymi bramkami ASi3, kt\u00f3re spe\u0142niaj\u0105 warunek \u201c1 zasilacz na 2 sieci ASi\u201d<span class=\"Apple-converted-space\">&nbsp;<\/span><\/span><\/p>\n\n\n\n<div style=\"height:20px\" aria-hidden=\"true\" class=\"wp-block-spacer\"><\/div>\n\n\n\n<hr class=\"wp-block-separator has-css-opacity is-style-default\"\/>\n\n\n\n<p style=\"text-align: center;\"><span style=\"color: #000000;\">Zapraszamy do kontaktu w przypadku jakichkolwiek pyta\u0144 &#8211; <strong><span style=\"color: #333399;\"><a style=\"color: #333399;\" href=\"https:\/\/www.as-i.pl\/index.php\/dane-kontaktowe\/\">KONTAKT<\/a><\/span><\/strong><\/span><\/p>\n\n\n\n<hr class=\"wp-block-separator has-css-opacity\"\/>\n\n\n\n<div style=\"height:36px\" aria-hidden=\"true\" class=\"wp-block-spacer\"><\/div>\n","protected":false},"excerpt":{"rendered":"<p>Zasilacze dla standardu ASi5 i ASi3 <\/p>\n","protected":false},"author":1,"featured_media":2685,"comment_status":"closed","ping_status":"closed","sticky":false,"template":"","format":"standard","meta":{"footnotes":""},"categories":[2],"tags":[],"class_list":["post-1986","post","type-post","status-publish","format-standard","has-post-thumbnail","hentry","category-nowosci"],"_links":{"self":[{"href":"https:\/\/www.as-i.pl\/index.php\/wp-json\/wp\/v2\/posts\/1986","targetHints":{"allow":["GET"]}}],"collection":[{"href":"https:\/\/www.as-i.pl\/index.php\/wp-json\/wp\/v2\/posts"}],"about":[{"href":"https:\/\/www.as-i.pl\/index.php\/wp-json\/wp\/v2\/types\/post"}],"author":[{"embeddable":true,"href":"https:\/\/www.as-i.pl\/index.php\/wp-json\/wp\/v2\/users\/1"}],"replies":[{"embeddable":true,"href":"https:\/\/www.as-i.pl\/index.php\/wp-json\/wp\/v2\/comments?post=1986"}],"version-history":[{"count":11,"href":"https:\/\/www.as-i.pl\/index.php\/wp-json\/wp\/v2\/posts\/1986\/revisions"}],"predecessor-version":[{"id":2686,"href":"https:\/\/www.as-i.pl\/index.php\/wp-json\/wp\/v2\/posts\/1986\/revisions\/2686"}],"wp:featuredmedia":[{"embeddable":true,"href":"https:\/\/www.as-i.pl\/index.php\/wp-json\/wp\/v2\/media\/2685"}],"wp:attachment":[{"href":"https:\/\/www.as-i.pl\/index.php\/wp-json\/wp\/v2\/media?parent=1986"}],"wp:term":[{"taxonomy":"category","embeddable":true,"href":"https:\/\/www.as-i.pl\/index.php\/wp-json\/wp\/v2\/categories?post=1986"},{"taxonomy":"post_tag","embeddable":true,"href":"https:\/\/www.as-i.pl\/index.php\/wp-json\/wp\/v2\/tags?post=1986"}],"curies":[{"name":"wp","href":"https:\/\/api.w.org\/{rel}","templated":true}]}}