{"id":2064,"date":"2021-09-29T11:38:37","date_gmt":"2021-09-29T11:38:37","guid":{"rendered":"https:\/\/www.as-i.pl\/?p=2064"},"modified":"2024-08-20T12:30:43","modified_gmt":"2024-08-20T12:30:43","slug":"moduly-samo-konfigurowalne","status":"publish","type":"post","link":"https:\/\/www.as-i.pl\/index.php\/2021\/09\/29\/moduly-samo-konfigurowalne\/","title":{"rendered":"Modu\u0142y samo-konfigurowalne"},"content":{"rendered":"\n<p style=\"text-align: justify;\"><span style=\"color: #000000;\">W newsach, pojawiaj\u0105cych si\u0119 na tej stronie, jak i w innych dost\u0119pnych publikacjach, coraz cz\u0119\u015bciej mo\u017cemy spotka\u0107 si\u0119 z okre\u015blenie modu\u0142\u00f3w samo-konfiguracyjnych (S<i>elf-Configuring I\/O Modules<\/i>). Niniejsze kr\u00f3tkie opracowanie ma za zadanie przybli\u017cy\u0107 Pa\u0144stwu t\u0105 now\u0105 koncepcj\u0119 oraz wyja\u015bni\u0107, jak du\u017ce korzy\u015bci \u0142\u0105cz\u0105 si\u0119 z zastosowaniem modu\u0142\u00f3w takiego typu.<\/span><\/p>\n\n\n\n<div style=\"height:24px\" aria-hidden=\"true\" class=\"wp-block-spacer\"><\/div>\n\n\n\n<h1 class=\"wp-block-heading\"><strong>Co to s\u0105 modu\u0142y samo-konfigurowalne?<\/strong><\/h1>\n\n\n\n<p style=\"text-align: justify;\"><span style=\"color: #000000;\">Modu\u0142y samo konfigurowalne stanowi\u0105 najnowsze uzupe\u0142nienie rodziny produkt\u00f3w AS-Interface. \u201cSamo-konfigurowalne\u201d oznacza: je\u015bli w danych wyj\u015bciowych sterownika PLC ustawimy dany bit wyj\u015bciowy to jest to dany port jest fizycznym wyj\u015bciem, wraz z diagnostyczn\u0105 informacj\u0105 zwrotn\u0105 (feedback) na odpowiadaj\u0105cym bicie wej\u015bciowym (w obrazie danych wej\u015bciowych). Je\u015bli nie ustawimy danego bitu jako wyj\u015bciowego, jest on automatycznie mapowany jako sygna\u0142 wej\u015bciowy, w obrazie danych wej\u015bciowych sterownika PLC. Zapewnia to znacznie zwi\u0119kszon\u0105 elastyczno\u015b\u0107 i umo\u017cliwia rozwi\u0105zanie wielu r\u00f3\u017cnych zada\u0144 aplikacyjnych z wykorzystaniem tego samego modu\u0142u. Modu\u0142y te stanowi\u0105 <strong>znakomit\u0105 alternatyw\u0119 dla por\u00f3wnywalnych rozwi\u0105za\u0144 Ethernet czy te\u017c IO-Link.<\/strong> W przypadku skorzystania z AS-Interface, nie tylko oszcz\u0119dzamy na koszcie samego modu\u0142u, ale r\u00f3wnie\u017c na okablowaniu i innym osprz\u0119cie instalacyjnym (nie zapominaj\u0105c o znacznym ograniczeniu czasu monta\u017cu). Dodatkow\u0105 zalet\u0105 jest niew\u0105tpliwe dok\u0142adna, okre\u015blona dla ka\u017cdego kana\u0142u, informacja diagnostyczna.<span class=\"Apple-converted-space\">&nbsp;<\/span><\/span><\/p>\n\n\n\n<div style=\"height:46px\" aria-hidden=\"true\" class=\"wp-block-spacer\"><\/div>\n\n\n\n<figure class=\"wp-block-embed is-type-video is-provider-vimeo wp-block-embed-vimeo wp-embed-aspect-16-9 wp-has-aspect-ratio\"><div class=\"wp-block-embed__wrapper\"><center>\n<iframe loading=\"lazy\" title=\"The self-configuring I\/O Modules\" src=\"https:\/\/player.vimeo.com\/video\/558041004?dnt=1&amp;app_id=122963\" width=\"640\" height=\"360\" frameborder=\"0\" allow=\"autoplay; fullscreen; picture-in-picture; clipboard-write\"><\/iframe>\n<\/center><\/div><\/figure>\n\n\n\n<div style=\"height:43px\" aria-hidden=\"true\" class=\"wp-block-spacer\"><\/div>\n\n\n\n<p style=\"text-align: justify;\"><span style=\"color: #000000;\">Dla przyk\u0142ady, nowa technologia I\/O z dwoma sygna\u0142ami na jednym z\u0142\u0105czu M12, pozwala u\u017cytkownikowi w wygodny spos\u00f3b zrealizowa\u0107 nast\u0119puj\u0105ce aplikacje:<br><br><\/span><\/p>\n<p style=\"text-align: justify;\"><span style=\"color: #000000;\"><img loading=\"lazy\" decoding=\"async\" class=\"alignnone size-full wp-image-1416\" src=\"https:\/\/www.as-i.pl\/wp-content\/uploads\/2020\/10\/green_marker.png\" alt=\"\" width=\"20\" height=\"20\">&nbsp;obs\u0142uga nap\u0119d\u00f3w sterownych binarnie, jak np. <a href=\"https:\/\/www.as-i.pl\/index.php\/2020\/12\/03\/technika-transportowa-i-napedowa-asi-z-lenze-smart-motor\/\" target=\"_blank\" rel=\"noopener\">Lenze Smart Motor<\/a> czy te\u017c SEW MOVI-SWITCH;<\/span><\/p>\n<p style=\"text-align: justify;\"><span style=\"color: #000000;\"><img loading=\"lazy\" decoding=\"async\" class=\"alignnone size-full wp-image-1416\" src=\"https:\/\/www.as-i.pl\/wp-content\/uploads\/2020\/10\/green_marker.png\" alt=\"\" width=\"20\" height=\"20\">&nbsp;obs\u0142uga czujnik\u00f3w z jednym lub dwoma puntami prze\u0142\u0105czania, np. czujnik\u00f3w indukcyjnych lub optycznych;<\/span><\/p>\n<p style=\"text-align: justify;\"><span style=\"color: #000000;\"><img loading=\"lazy\" decoding=\"async\" class=\"alignnone size-full wp-image-1416\" src=\"https:\/\/www.as-i.pl\/wp-content\/uploads\/2020\/10\/green_marker.png\" alt=\"\" width=\"20\" height=\"20\">&nbsp;obs\u0142uga element\u00f3w panelowe steruj\u0105cych, jak np. przycisk\u00f3w czy lampek;<br><br><\/span><\/p>\n<p style=\"text-align: justify;\"><span style=\"color: #000000;\">Na dzie\u0144 dzisiejszy oferujemy modu\u0142y samo-konfigurowalne z <strong>4 I\/O, 8 I\/O oraz 16 I\/O,<\/strong> dla kt\u00f3rych pod\u0142\u0105czenie ASi\/AUX mo\u017ce by\u0107 zrealizowane przez p\u0142aski przew\u00f3d ASi (technologia piercing), zewn\u0119trzne z\u0142\u0105cze M12 lub terminal \u015brubowy, w zale\u017cno\u015bci od wariantu danego modu\u0142u. Dzi\u0119ki technologii ASi5 ka\u017cdy z <strong>16 czy te\u017c 8 bitowych, dwukierunkowych danych procesowych, jest przesy\u0142any cyklicznie w czasie 1.27ms.<span class=\"Apple-converted-space\">&nbsp;<\/span><\/strong><\/span><\/p>\n\n\n\n<div style=\"height:49px\" aria-hidden=\"true\" class=\"wp-block-spacer\"><\/div>\n\n\n\n<h1 class=\"wp-block-heading\"><strong>Korzy\u015bci na pierwszy rzut oka<\/strong><\/h1>\n\n\n\n<div style=\"height:30px\" aria-hidden=\"true\" class=\"wp-block-spacer\"><\/div>\n\n\n\n<div class=\"wp-block-columns is-layout-flex wp-container-core-columns-is-layout-9d6595d7 wp-block-columns-is-layout-flex\">\n<div class=\"wp-block-column is-vertically-aligned-center is-layout-flow wp-block-column-is-layout-flow\">\n<figure class=\"wp-block-image size-full\"><img loading=\"lazy\" decoding=\"async\" width=\"1000\" height=\"381\" src=\"https:\/\/www.as-i.pl\/wp-content\/uploads\/2021\/09\/self_1.png\" alt=\"\" class=\"wp-image-2074\" srcset=\"https:\/\/www.as-i.pl\/wp-content\/uploads\/2021\/09\/self_1.png 1000w, https:\/\/www.as-i.pl\/wp-content\/uploads\/2021\/09\/self_1-300x114.png 300w, https:\/\/www.as-i.pl\/wp-content\/uploads\/2021\/09\/self_1-768x293.png 768w\" sizes=\"auto, (max-width: 1000px) 100vw, 1000px\" \/><\/figure>\n<\/div>\n\n\n\n<div class=\"wp-block-column is-layout-flow wp-block-column-is-layout-flow\">\n<h3><span style=\"color: #000000;\"><b>Samo-konfigurowalne<span class=\"Apple-converted-space\">&nbsp;<\/span><\/b><\/span><\/h3>\n<p><span style=\"color: #000000;\"><img loading=\"lazy\" decoding=\"async\" class=\"alignnone size-full wp-image-1416\" src=\"https:\/\/www.as-i.pl\/wp-content\/uploads\/2020\/10\/green_marker.png\" alt=\"\" width=\"20\" height=\"20\">&nbsp;jakikolwiek cyfrowy sygna\u0142 binarny mo\u017ce by\u0107 wykorzystany jako wej\u015bcie lub wyj\u015bcie;<\/span><\/p>\n<p><span style=\"color: #000000;\"><img loading=\"lazy\" decoding=\"async\" class=\"alignnone size-full wp-image-1416\" src=\"https:\/\/www.as-i.pl\/wp-content\/uploads\/2020\/10\/green_marker.png\" alt=\"\" width=\"20\" height=\"20\">&nbsp;nie jest wymagana \u017cadna pre-konfiguracja wst\u0119pna;<\/span><\/p>\n<p><span style=\"color: #000000;\"><img loading=\"lazy\" decoding=\"async\" class=\"alignnone size-full wp-image-1416\" src=\"https:\/\/www.as-i.pl\/wp-content\/uploads\/2020\/10\/green_marker.png\" alt=\"\" width=\"20\" height=\"20\">&nbsp;zmiana typu danego sygna\u0142u nast\u0119puje bez konieczno\u015bci korzystania z dodatkowego oprogramowania;<\/span><\/p>\n<p><span style=\"color: #000000;\"><img loading=\"lazy\" decoding=\"async\" class=\"alignnone size-full wp-image-1416\" src=\"https:\/\/www.as-i.pl\/wp-content\/uploads\/2020\/10\/green_marker.png\" alt=\"\" width=\"20\" height=\"20\">&nbsp;brak niewykorzystanych z\u0142\u0105cz M12 modulu (brak wizualnego\/fizycznego marnowania dost\u0119pnej przestrzeni);<\/span><\/p>\n<\/div>\n<\/div>\n\n\n\n<div style=\"height:30px\" aria-hidden=\"true\" class=\"wp-block-spacer\"><\/div>\n\n\n\n<hr class=\"wp-block-separator has-css-opacity is-style-wide\"\/>\n\n\n\n<div style=\"height:30px\" aria-hidden=\"true\" class=\"wp-block-spacer\"><\/div>\n\n\n\n<div class=\"wp-block-columns is-layout-flex wp-container-core-columns-is-layout-9d6595d7 wp-block-columns-is-layout-flex\">\n<div class=\"wp-block-column is-vertically-aligned-center is-layout-flow wp-block-column-is-layout-flow\"><div class=\"wp-block-image\">\n<figure class=\"aligncenter size-full\"><img loading=\"lazy\" decoding=\"async\" width=\"1000\" height=\"480\" src=\"https:\/\/www.as-i.pl\/wp-content\/uploads\/2021\/09\/self_2.png\" alt=\"\" class=\"wp-image-2080\" srcset=\"https:\/\/www.as-i.pl\/wp-content\/uploads\/2021\/09\/self_2.png 1000w, https:\/\/www.as-i.pl\/wp-content\/uploads\/2021\/09\/self_2-300x144.png 300w, https:\/\/www.as-i.pl\/wp-content\/uploads\/2021\/09\/self_2-768x369.png 768w\" sizes=\"auto, (max-width: 1000px) 100vw, 1000px\" \/><\/figure>\n<\/div><\/div>\n\n\n\n<div class=\"wp-block-column is-layout-flow wp-block-column-is-layout-flow\">\n<h3 style=\"text-align: justify;\"><span style=\"color: #000000;\"><b>Oszcz\u0119dno\u015b\u0107 koszt\u00f3w sprz\u0119towych i samego okablowania<span class=\"Apple-converted-space\">&nbsp;<\/span><\/b><\/span><\/h3>\n<p style=\"text-align: justify;\"><span style=\"color: #000000;\"><img loading=\"lazy\" decoding=\"async\" class=\"alignnone size-full wp-image-1416\" src=\"https:\/\/www.as-i.pl\/wp-content\/uploads\/2020\/10\/green_marker.png\" alt=\"\" width=\"20\" height=\"20\">&nbsp;same modu\u0142y I\/O s\u0105 ta\u0144sze ni\u017c ich por\u00f3wnywalne rozwi\u0105zania pracuj\u0105ce w Ethernet czy te\u017c IO-Link;<\/span><\/p>\n<p style=\"text-align: justify;\"><span style=\"color: #000000;\"><img loading=\"lazy\" decoding=\"async\" class=\"alignnone size-full wp-image-1416\" src=\"https:\/\/www.as-i.pl\/wp-content\/uploads\/2020\/10\/green_marker.png\" alt=\"\" width=\"20\" height=\"20\">&nbsp;do 70% oszcz\u0119dno\u015bci na samym okablowaniu w por\u00f3wnaniu do standardowych rozwi\u0105za\u0144 opartych na przewodach okr\u0105g\u0142ych (wi\u0119cej <span style=\"color: #333399;\"><strong><a style=\"color: #333399;\" href=\"https:\/\/www.as-i.pl\/index.php\/2020\/08\/26\/przewod-asi-pewny-bezpieczny-i-niesamowicie-szybki-sposob-laczenia\/\" target=\"_blank\" rel=\"noopener\">TUTAJ<\/a><\/strong><\/span>);<\/span><\/p>\n<p style=\"text-align: justify;\"><span style=\"color: #000000;\"><img loading=\"lazy\" decoding=\"async\" class=\"alignnone size-full wp-image-1416\" src=\"https:\/\/www.as-i.pl\/wp-content\/uploads\/2020\/10\/green_marker.png\" alt=\"\" width=\"20\" height=\"20\">&nbsp;znaczna redukcja stopnia komplikacji okablowania dzi\u0119ki technologii piercing oraz brakowi ogranicze\u0144 topologicznych (zar\u00f3wno dla zasilania jak i komunikacji);<\/span><\/p>\n<p style=\"text-align: justify;\"><span style=\"color: #000000;\"><img loading=\"lazy\" decoding=\"async\" class=\"alignnone size-full wp-image-1416\" src=\"https:\/\/www.as-i.pl\/wp-content\/uploads\/2020\/10\/green_marker.png\" alt=\"\" width=\"20\" height=\"20\">&nbsp;tanie rozwi\u0105zanie w prze\u0142o\u017ceniu na jedno wyj\u015bcie;<\/span><\/p>\n<\/div>\n<\/div>\n\n\n\n<div style=\"height:30px\" aria-hidden=\"true\" class=\"wp-block-spacer\"><\/div>\n\n\n\n<hr class=\"wp-block-separator has-css-opacity is-style-wide\"\/>\n\n\n\n<div style=\"height:30px\" aria-hidden=\"true\" class=\"wp-block-spacer\"><\/div>\n\n\n\n<div class=\"wp-block-columns is-layout-flex wp-container-core-columns-is-layout-9d6595d7 wp-block-columns-is-layout-flex\">\n<div class=\"wp-block-column is-vertically-aligned-center is-layout-flow wp-block-column-is-layout-flow\">\n<figure class=\"wp-block-image size-full\"><img loading=\"lazy\" decoding=\"async\" width=\"1000\" height=\"500\" src=\"https:\/\/www.as-i.pl\/wp-content\/uploads\/2021\/09\/self_3.png\" alt=\"\" class=\"wp-image-2085\" srcset=\"https:\/\/www.as-i.pl\/wp-content\/uploads\/2021\/09\/self_3.png 1000w, https:\/\/www.as-i.pl\/wp-content\/uploads\/2021\/09\/self_3-300x150.png 300w, https:\/\/www.as-i.pl\/wp-content\/uploads\/2021\/09\/self_3-768x384.png 768w\" sizes=\"auto, (max-width: 1000px) 100vw, 1000px\" \/><\/figure>\n<\/div>\n\n\n\n<div class=\"wp-block-column is-layout-flow wp-block-column-is-layout-flow\">\n<h3 style=\"text-align: justify;\"><span style=\"color: #000000;\"><b>Elastyczno\u015b\u0107 w zastosowaniu<span class=\"Apple-converted-space\">&nbsp;<\/span><\/b><\/span><\/h3>\n<p style=\"text-align: justify;\"><span style=\"color: #000000;\"><img loading=\"lazy\" decoding=\"async\" class=\"alignnone size-full wp-image-1416\" src=\"https:\/\/www.as-i.pl\/wp-content\/uploads\/2020\/10\/green_marker.png\" alt=\"\" width=\"20\" height=\"20\">&nbsp;uproszczone zarz\u0105dzenie cz\u0119\u015bciami zamiennymi, z uwagi zastosowania jednego modu\u0142u do szeregu aplikacji;<\/span><\/p>\n<p style=\"text-align: justify;\"><span style=\"color: #000000;\"><img loading=\"lazy\" decoding=\"async\" class=\"alignnone size-full wp-image-1416\" src=\"https:\/\/www.as-i.pl\/wp-content\/uploads\/2020\/10\/green_marker.png\" alt=\"\" width=\"20\" height=\"20\">&nbsp;szeroki zakres mo\u017cliwych aplikacji: od kontroli pracy nap\u0119d\u00f3w do standardowych sygna\u0142\u00f3w czy te\u017c wska\u017anik\u00f3w paneli operatorskich;<\/span><\/p>\n<p style=\"text-align: justify;\"><span style=\"color: #000000;\"><img loading=\"lazy\" decoding=\"async\" class=\"alignnone size-full wp-image-1416\" src=\"https:\/\/www.as-i.pl\/wp-content\/uploads\/2020\/10\/green_marker.png\" alt=\"\" width=\"20\" height=\"20\">&nbsp;mo\u017cliwo\u015b\u0107 rozwi\u0105zania szeregu zada\u0144 aplikacyjnych z zastosowaniem tego samego modu\u0142u;<\/span><\/p>\n<p style=\"text-align: justify;\"><span style=\"color: #000000;\"><img loading=\"lazy\" decoding=\"async\" class=\"alignnone size-full wp-image-1416\" src=\"https:\/\/www.as-i.pl\/wp-content\/uploads\/2020\/10\/green_marker.png\" alt=\"\" width=\"20\" height=\"20\">&nbsp;przyk\u0142ad: modu\u0142 8I\/O (BWU4232) jest idealnym rozwi\u0105zaniem dla silnik\u00f3w Lenze Smart Motor, a wersja IP20 o tej samej konfiguracji (BWU3884) b\u0119dzie doskona\u0142ym rozwi\u0105zaniem dla sygna\u0142\u00f3w panelu operatorskiego;<\/span><\/p>\n<p style=\"text-align: justify;\"><span style=\"color: #000000;\"><img loading=\"lazy\" decoding=\"async\" class=\"alignnone size-full wp-image-1416\" src=\"https:\/\/www.as-i.pl\/wp-content\/uploads\/2020\/10\/green_marker.png\" alt=\"\" width=\"20\" height=\"20\">&nbsp;kr\u00f3tkie terminy dostaw dzi\u0119ki efektom skalowania oraz stabilnym zapasom magazynowym;<\/span><\/p>\n<\/div>\n<\/div>\n\n\n\n<div style=\"height:30px\" aria-hidden=\"true\" class=\"wp-block-spacer\"><\/div>\n\n\n\n<hr class=\"wp-block-separator has-css-opacity is-style-wide\"\/>\n\n\n\n<div style=\"height:30px\" aria-hidden=\"true\" class=\"wp-block-spacer\"><\/div>\n\n\n\n<div class=\"wp-block-columns is-layout-flex wp-container-core-columns-is-layout-9d6595d7 wp-block-columns-is-layout-flex\">\n<div class=\"wp-block-column is-vertically-aligned-center is-layout-flow wp-block-column-is-layout-flow\">\n<figure class=\"wp-block-image size-full\"><img loading=\"lazy\" decoding=\"async\" width=\"1000\" height=\"437\" src=\"https:\/\/www.as-i.pl\/wp-content\/uploads\/2021\/09\/self_4.png\" alt=\"\" class=\"wp-image-2087\" srcset=\"https:\/\/www.as-i.pl\/wp-content\/uploads\/2021\/09\/self_4.png 1000w, https:\/\/www.as-i.pl\/wp-content\/uploads\/2021\/09\/self_4-300x131.png 300w, https:\/\/www.as-i.pl\/wp-content\/uploads\/2021\/09\/self_4-768x336.png 768w\" sizes=\"auto, (max-width: 1000px) 100vw, 1000px\" \/><\/figure>\n<\/div>\n\n\n\n<div class=\"wp-block-column is-layout-flow wp-block-column-is-layout-flow\">\n<h3 style=\"text-align: justify;\"><span style=\"color: #000000;\"><b>Diagnostyka dla ka\u017cdego kana\u0142u<\/b><\/span><\/h3>\n<p style=\"text-align: justify;\"><span style=\"color: #000000;\"><img loading=\"lazy\" decoding=\"async\" class=\"alignnone size-full wp-image-1416\" src=\"https:\/\/www.as-i.pl\/wp-content\/uploads\/2020\/10\/green_marker.png\" alt=\"\" width=\"20\" height=\"20\">&nbsp;zwarcie lub przeci\u0105\u017canie na danym wyj\u015bciu mo\u017ce by\u0107 wykrywane indywidualnie dla ka\u017cdego pod\u0142\u0105czenia;<span class=\"Apple-converted-space\">&nbsp;<\/span><\/span><\/p>\n<p style=\"text-align: justify;\"><span style=\"color: #000000;\"><img loading=\"lazy\" decoding=\"async\" class=\"alignnone size-full wp-image-1416\" src=\"https:\/\/www.as-i.pl\/wp-content\/uploads\/2020\/10\/green_marker.png\" alt=\"\" width=\"20\" height=\"20\">&nbsp;stan ka\u017cdego z wyj\u015b\u0107 cyfrowych jest indywidualnie odczytywany w cyklicznej wymianie danych;<\/span><\/p>\n<p style=\"text-align: justify;\"><span style=\"color: #000000;\"><img loading=\"lazy\" decoding=\"async\" class=\"alignnone size-full wp-image-1416\" src=\"https:\/\/www.as-i.pl\/wp-content\/uploads\/2020\/10\/green_marker.png\" alt=\"\" width=\"20\" height=\"20\">&nbsp;aktywna pomoc przy rozwi\u0105zywaniu problem\u00f3w, np. przez indywidualne i jasne wiadomo\u015bci na panelu operatorskim;<span class=\"Apple-converted-space\">&nbsp;<\/span><\/span><\/p>\n<\/div>\n<\/div>\n\n\n\n<div style=\"height:30px\" aria-hidden=\"true\" class=\"wp-block-spacer\"><\/div>\n\n\n\n<hr class=\"wp-block-separator has-css-opacity is-style-dots\"\/>\n\n\n\n<div style=\"height:28px\" aria-hidden=\"true\" class=\"wp-block-spacer\"><\/div>\n\n\n\n<h1 class=\"wp-block-heading\"><strong>Nasza rekomendacja: bezpo\u015brednie pod\u0142\u0105czenie urz\u0105dze\u0144 peryferyjnych, bez u\u017cycia adaptera.<\/strong><\/h1>\n\n\n\n<div style=\"height:22px\" aria-hidden=\"true\" class=\"wp-block-spacer\"><\/div>\n\n\n\n<p style=\"text-align: justify;\"><span style=\"color: #000000;\">U\u017cytkownik ma dowolny wyb\u00f3r, w zale\u017cno\u015bci od samego przypadku i aplikacji, w jaki spos\u00f3b dane urz\u0105dzenie peryferyjne ma by\u0107 pod\u0142\u0105czone do modu\u0142u samo-konfigurowalnego. Jednak\u017ce po\u0142\u0105czenie bezpo\u015brednie, przez standardowe z\u0142\u0105cze M12, jest bardzo cz\u0119sto znacznie lepsz\u0105 alternatyw\u0105 ni\u017c skorzystanie z jakichkolwiek tr\u00f3jnik\u00f3w typu T lub Y. Poni\u017cej przyk\u0142ad por\u00f3wnuj\u0105cy trzy opcje pod\u0142\u0105czenia 16 indywidualnych sygna\u0142\u00f3w I\/O.<span class=\"Apple-converted-space\">&nbsp;<\/span><\/span><\/p>\n\n\n\n<div style=\"height:19px\" aria-hidden=\"true\" class=\"wp-block-spacer\"><\/div>\n\n\n\n<table style=\"width: 100%; border-collapse: collapse; height: 550px;\">\n<tbody>\n<tr style=\"height: 550px;\">\n<td style=\"width: 100%; height: 550px;\"><img loading=\"lazy\" decoding=\"async\" class=\"alignnone wp-image-2089\" src=\"https:\/\/www.as-i.pl\/wp-content\/uploads\/2021\/09\/self_5-300x195.png\" alt=\"\" width=\"2000\" height=\"1300\" srcset=\"https:\/\/www.as-i.pl\/wp-content\/uploads\/2021\/09\/self_5-300x195.png 300w, https:\/\/www.as-i.pl\/wp-content\/uploads\/2021\/09\/self_5-1024x666.png 1024w, https:\/\/www.as-i.pl\/wp-content\/uploads\/2021\/09\/self_5-768x499.png 768w, https:\/\/www.as-i.pl\/wp-content\/uploads\/2021\/09\/self_5-1536x998.png 1536w, https:\/\/www.as-i.pl\/wp-content\/uploads\/2021\/09\/self_5-2048x1331.png 2048w\" sizes=\"auto, (max-width: 2000px) 100vw, 2000px\" \/><\/td>\n<\/tr>\n<\/tbody>\n<\/table>\n\n\n\n<table style=\"width: 100%; border-collapse: collapse;\">\n<tbody>\n<tr>\n<td style=\"width: 100%; background-color: #f5f5f5;\">\n<h1><span style=\"color: #000000;\"><b><br>Technologia I\/O AS-Interface w por\u00f3wnaniu z hubami IO-Link<\/b><\/span><\/h1>\n<p style=\"text-align: justify;\"><span style=\"color: #000000;\">Konieczno\u015b\u0107 niedrogiego zebrania wielu sygna\u0142\u00f3w I\/O wcale nie poci\u0105ga za sob\u0105 konieczno\u015bci korzystania z koncentrator\u00f3w IO-Link. Urz\u0105dzenia te s\u0105 por\u00f3wnywalne cenowo z modu\u0142ami AS-Interface, ale przy ASi nie ma konieczno\u015bci stosowania kolejnego urz\u0105dzenia, jakim jest Master IO-Link. Niew\u0105tpliwym plusem jest mo\u017cliwo\u015b\u0107 skorzystania z wszystkich zalet interfejsu AS-i i zwi\u0105zanych z nimi korzy\u015bci, jak np. ni\u017cszy koszt samego okablowania czy kompletny brak ogranicze\u0144 topologicznych (wi\u0119cej o korzy\u015bciach mo\u017cna znale\u017a\u0107 <strong><span style=\"color: #333399;\"><a style=\"color: #333399;\" href=\"https:\/\/www.as-i.pl\/index.php\/2021\/03\/23\/co-to-jest-as-interface-2\/\" target=\"_blank\" rel=\"noopener\">TUTAJ<\/a><\/span><\/strong>). W przypadku aplikacji, gdzie kluczowy jest szybki czas prze\u0142\u0105czania nie nale\u017cy zapomina\u0107 o efekcie czasu transmisji. Kolejn\u0105 zalet\u0105 modu\u0142\u00f3w ASi jest opisywana powy\u017cej cecha komunikacji dwukierunkowej, nie wymagaj\u0105cej jakiejkolwiek konfiguracji. Taka sama funkcjonalno\u015b\u0107 w IO-Link nie jest mo\u017cliwa, jako \u017ce ka\u017cda kombinacja Mastera z koncentratorem wymaga pliku IODD, celem skonfigurowania wszystkich niezb\u0119dnych parametr\u00f3w pracy. Dodatkowym ograniczeniem jest maksymalnie 20m przewodu IO-Link (nie nale\u017cy przy tym zapomina\u0107, \u017ce jest to w dalszym ci\u0105gu pod\u0142\u0105czenie punkt-punkt). System AS-i, wraz z unikaln\u0105 technologi\u0105 instalacji (piercing), zapewnia dystrybucj\u0119 wszystkich sygna\u0142\u00f3w na odcinku o maksymalnej d\u0142ugo\u015bci 200m.<span class=\"Apple-converted-space\">&nbsp;<\/span><\/span><\/p>\n<p style=\"text-align: justify;\"><span style=\"color: #000000;\">Prosz\u0119 pami\u0119ta\u0107, \u017ce sama technologia piercing zapewnia znaczne uproszczenie okablowania, gnaruj\u0105c przy tym &nbsp;wyra\u017ane oszcz\u0119dno\u015bci kosztowe. Wi\u0119cej informacji znajd\u0105 Pa\u0144stwo <span style=\"color: #333399;\"><strong><a style=\"color: #333399;\" href=\"https:\/\/www.as-i.pl\/index.php\/2020\/08\/26\/przewod-asi-pewny-bezpieczny-i-niesamowicie-szybki-sposob-laczenia\/\" target=\"_blank\" rel=\"noopener\">TUTAJ<\/a><\/strong><\/span>.<span class=\"Apple-converted-space\">&nbsp;<br><br><\/span><\/span><\/p>\n<\/td>\n<\/tr>\n<\/tbody>\n<\/table>\n\n\n\n<p>&nbsp;<\/p>\n<table style=\"width: 100%; border-collapse: collapse;\">\n<tbody>\n<tr>\n<td style=\"width: 100%; background-color: #f5f5f5;\">\n<h1 style=\"text-align: justify;\"><span style=\"color: #000000;\"><b><br>Technologia I\/O AS-Interface w por\u00f3wnaniu z urz\u0105dzeniami I\/O Ethernet<\/b><\/span><\/h1>\n<p style=\"text-align: justify;\"><span style=\"color: #000000;\">Pojedynczy koncentrator I\/O Ethernet jest relatywnie drogim urz\u0105dzeniem, jego integracja z systemem sterownia jest skomplikowana, a samo okablowanie jest z\u0142o\u017cone. Taka \u201cinwestycja\u201d z regu\u0142y nie uzasadnia \u017cadnych korzy\u015bci p\u0142yn\u0105cych z dost\u0119pu do 16 punkt\u00f3w I\/O na urz\u0105dzenie. Dodatkowo, te 16 punkt\u00f3w, prawie nigdy nie znajduje si\u0119 w jednym miejscu projektowanego systemu. Wynika to bezpo\u015brednio z do\u015b\u0107 du\u017cych odleg\u0142o\u015bci, jakie infrastruktura przewodowa musi pokry\u0107. Opr\u00f3cz samego okablowania modu\u0142\u00f3w, w uk\u0142adzie gwiazdy dodawane s\u0105 kilkumetrowe odcinki przewodowe do urz\u0105dze\u0144 peryferyjnych.<span class=\"Apple-converted-space\">&nbsp;<\/span><\/span><\/p>\n<p style=\"text-align: justify;\"><span style=\"color: #000000;\">Przedstawione wy\u017cej nasze nowe modu\u0142y mog\u0105 w prosty spos\u00f3b zast\u0105pi\u0107 bloki I\/O Ethernet. Ekonomiczne modu\u0142y ASi nadaj\u0105 si\u0119 idealnie do zbierania rzeczywistej liczby punkt\u00f3w I\/O w systemach rozproszonych. Aby maksymalnie zminimalizowa\u0107 liczb\u0119 niewykorzystanych punkt\u00f3w I\/O nasze modu\u0142y oferowane s\u0105 w kilku konfiguracjach, od 4 I\/O do 16 I\/O.<span class=\"Apple-converted-space\">&nbsp;<\/span><\/span><\/p>\n<p style=\"text-align: justify;\"><span style=\"color: #000000;\">Kolejn\u0105 zalet\u0105 jest mo\u017cliwo\u015b\u0107 prostej integracji w systemie sterowania, dw\u00f3ch sieci AS-Interface, z setkami punkt\u00f3w I\/O. Z\u0142o\u017cono\u015bc tak rozleg\u0142ego systemu jest przy tym tak du\u017ca, jak to ma miejsce przy integracji jednego (!) urz\u0105dzenia Ethernet.<span class=\"Apple-converted-space\">&nbsp;<br><br><\/span><\/span><\/p>\n<\/td>\n<\/tr>\n<\/tbody>\n<\/table>\n\n\n\n<div style=\"height:28px\" aria-hidden=\"true\" class=\"wp-block-spacer\"><\/div>\n\n\n\n<div style=\"height:19px\" aria-hidden=\"true\" class=\"wp-block-spacer\"><\/div>\n\n\n\n<h1 class=\"wp-block-heading\"><strong>Rodzina modu\u0142\u00f3w Samo-Konfigurowanych&nbsp;<\/strong><\/h1>\n\n\n\n<div style=\"height:16px\" aria-hidden=\"true\" class=\"wp-block-spacer\"><\/div>\n\n\n\n<p><span style=\"color: #000000;\">Samo-konfigurowalne modu\u0142y na pierwszy rzut oka<\/span><\/p>\n\n\n\n<div style=\"height:14px\" aria-hidden=\"true\" class=\"wp-block-spacer\"><\/div>\n\n\n\n<div class=\"wp-block-columns is-layout-flex wp-container-core-columns-is-layout-9d6595d7 wp-block-columns-is-layout-flex\">\n<div class=\"wp-block-column is-vertically-aligned-center is-layout-flow wp-block-column-is-layout-flow\">\n<figure class=\"wp-block-image size-full\"><img loading=\"lazy\" decoding=\"async\" width=\"700\" height=\"420\" src=\"https:\/\/www.as-i.pl\/wp-content\/uploads\/2021\/09\/en_Selbstkonfig-Module.png\" alt=\"\" class=\"wp-image-2108\" srcset=\"https:\/\/www.as-i.pl\/wp-content\/uploads\/2021\/09\/en_Selbstkonfig-Module.png 700w, https:\/\/www.as-i.pl\/wp-content\/uploads\/2021\/09\/en_Selbstkonfig-Module-300x180.png 300w\" sizes=\"auto, (max-width: 700px) 100vw, 700px\" \/><\/figure>\n<\/div>\n\n\n\n<div class=\"wp-block-column is-layout-flow wp-block-column-is-layout-flow\">\n<p style=\"text-align: justify;\"><span style=\"color: #000000;\">Bihl+Wiedemann ju\u017c na dzie\u0144 dzisiejszy oferuje kilka typ\u00f3w samo-konfigurowalnych modu\u0142\u00f3w I\/O ASi. Oczywi\u015bcie nasz zakres takich rozwi\u0105za\u0144 b\u0119dzie si\u0119 w dalszym ci\u0105gu rozrasta\u0142 i b\u0119dzie uzupe\u0142niany o kolejne warianty.<span class=\"Apple-converted-space\">&nbsp;<\/span><\/span><\/p>\n<p style=\"text-align: justify;\"><span style=\"color: #000000;\"><img loading=\"lazy\" decoding=\"async\" class=\"alignnone size-full wp-image-1416\" src=\"https:\/\/www.as-i.pl\/wp-content\/uploads\/2020\/10\/green_marker.png\" alt=\"\" width=\"20\" height=\"20\">&nbsp;czujniki i urz\u0105dzenia wykonawcze mog\u0105 by\u0107 pod\u0142\u0105czane w dowolnej kombinacji; mo\u017cliwo\u015b\u0107 do 2 sygna\u0142\u00f3w na jedno z\u0142\u0105cze M12;<\/span><\/p>\n<p style=\"text-align: justify;\"><span style=\"color: #000000;\"><img loading=\"lazy\" decoding=\"async\" class=\"alignnone size-full wp-image-1416\" src=\"https:\/\/www.as-i.pl\/wp-content\/uploads\/2020\/10\/green_marker.png\" alt=\"\" width=\"20\" height=\"20\">&nbsp;opcjonalnie mo\u017cliwe jest przypisanie sta\u0142ej konfiguracji dla modu\u0142\u00f3w ASi5, z wykorzystaniem naszego oprogramowania;<\/span><\/p>\n<p style=\"text-align: justify;\"><span style=\"color: #000000;\"><img loading=\"lazy\" decoding=\"async\" class=\"alignnone size-full wp-image-1416\" src=\"https:\/\/www.as-i.pl\/wp-content\/uploads\/2020\/10\/green_marker.png\" alt=\"\" width=\"20\" height=\"20\">&nbsp;odpowiednie dobranie okre\u015blonych modu\u0142\u00f3w zapewnia unikni\u0119cie wolnych (niewykorzystanych) port\u00f3w M12;<\/span><\/p>\n<p style=\"text-align: justify;\"><span style=\"color: #000000;\"><img loading=\"lazy\" decoding=\"async\" class=\"alignnone size-full wp-image-1416\" src=\"https:\/\/www.as-i.pl\/wp-content\/uploads\/2020\/10\/green_marker.png\" alt=\"\" width=\"20\" height=\"20\">&nbsp;16 wej\u015b\u0107\/wyj\u015b\u0107 z ASi5 w czasie 1.27ms<\/span><\/p>\n<p style=\"text-align: justify;\"><span style=\"color: #000000;\"><img loading=\"lazy\" decoding=\"async\" class=\"alignnone size-full wp-image-1416\" src=\"https:\/\/www.as-i.pl\/wp-content\/uploads\/2020\/10\/green_marker.png\" alt=\"\" width=\"20\" height=\"20\">&nbsp;tanie i szybkie zbieranie danych z du\u017cej ilo\u015bci punkt\u00f3w I\/O;<\/span><\/p>\n<\/div>\n<\/div>\n\n\n\n<div style=\"height:31px\" aria-hidden=\"true\" class=\"wp-block-spacer\"><\/div>\n\n\n\n<table style=\"width: 100%; border-collapse: collapse;\">\n<tbody>\n<tr>\n<td style=\"width: 100%; background-color: #f5f5f5;\">\n<h1 style=\"text-align: justify;\"><span style=\"color: #000000;\"><b><br>Wybrane produkty Bihl+Wiedemann w technologi ASi3<\/b><\/span><\/h1>\n<p style=\"text-align: justify;\"><span style=\"color: #000000;\">Pewnego rodzaju wyj\u0105tkiem w rodzinie modu\u0142\u00f3w samo-konfigurowalnych jest modu\u0142 4I\/O (BWU4727), kt\u00f3ry bazuje na sprawdzonej technologii ASi3. Modu\u0142 wykonano w ma\u0142ej i kompaktowej obudowie umo\u017cliwiaj\u0105cej instalacj\u0119 w korytkach kablowych. Jest to ekonomiczny wariant koncentratora wyposa\u017conego w 4 wej\u015bcia i 4 wyj\u015bcia.<span class=\"Apple-converted-space\">&nbsp;<\/span><\/span><\/p>\n<p style=\"text-align: justify;\"><span style=\"color: #000000;\"><img loading=\"lazy\" decoding=\"async\" class=\"alignnone size-full wp-image-1416\" src=\"https:\/\/www.as-i.pl\/wp-content\/uploads\/2020\/10\/green_marker.png\" alt=\"\" width=\"20\" height=\"20\">&nbsp;W zale\u017cno\u015bci od samej aplikacji do wykorzystania mamy do 4 wej\u015b\u0107 cyfrowych lub do 4 wyjs\u0107 cyfrowych;<\/span><\/p>\n<p style=\"text-align: justify;\"><span style=\"color: #000000;\"><img loading=\"lazy\" decoding=\"async\" class=\"alignnone size-full wp-image-1416\" src=\"https:\/\/www.as-i.pl\/wp-content\/uploads\/2020\/10\/green_marker.png\" alt=\"\" width=\"20\" height=\"20\">&nbsp;Znaczna redukcja wariant\u00f3w cz\u0119\u015bci &#8211; jeden modu\u0142 mo\u017ce by\u0107 wykorzystany w zamian wielu typ\u00f3w modu\u0142\u00f3w ASi3;<\/span><\/p>\n<p style=\"text-align: justify;\"><span style=\"color: #000000;\"><img loading=\"lazy\" decoding=\"async\" class=\"alignnone size-full wp-image-1416\" src=\"https:\/\/www.as-i.pl\/wp-content\/uploads\/2020\/10\/green_marker.png\" alt=\"\" width=\"20\" height=\"20\">&nbsp;Przeci\u0105\u017cenie czujnik\u00f3w, zwarcia na wyj\u015bciach czy te\u017c brak zasialania pomocniczego jest natychmiast diagnozowane jako b\u0142\u0119dy peryferi\u00f3w ASi3, r\u00f3wnie\u017c obrazowane okre\u015blonym kolorem di\u00f3d statusowych LED;<\/span><\/p>\n<p style=\"text-align: justify;\"><span style=\"color: #000000;\"><img loading=\"lazy\" decoding=\"async\" class=\"alignnone size-full wp-image-1416\" src=\"https:\/\/www.as-i.pl\/wp-content\/uploads\/2020\/10\/green_marker.png\" alt=\"\" width=\"20\" height=\"20\">&nbsp;Dzi\u0119ki adresowaniu rozszerzonemu A\/B mo\u017cliwa jest instalacja do 62 takich modu\u0142\u00f3w w jednej sieci ASi3;<br><\/span><span style=\"color: #000000;\"><span class=\"Apple-converted-space\"><br><\/span><\/span><\/p>\n<\/td>\n<\/tr>\n<\/tbody>\n<\/table>\n\n\n\n<div style=\"height:34px\" aria-hidden=\"true\" class=\"wp-block-spacer\"><\/div>\n\n\n\n<h1 class=\"wp-block-heading\"><strong>Technologia po\u0142\u0105czeniowa&nbsp;<\/strong><\/h1>\n\n\n\n<p style=\"text-align: justify;\"><span style=\"color: #000000;\">Modu\u0142y samo-konfigurowalne s\u0105 dost\u0119pne w r\u00f3\u017cnych wariantach produktowych, w zale\u017cno\u015bci od samej technologii monta\u017cu. Modu\u0142y polowe (IP67) mog\u0105 by\u0107 \u0142\u0105czone z wykorzystaniem standardowej technologi przebijania (piercing). Jest to najpopularniejszy, naj\u0142atwiejszy i najbardziej ekonomiczny spos\u00f3b monta\u017cu. Alternatywnie, nowe modu\u0142y I\/O mog\u0105 by\u0107 \u0142\u0105czone do sieci ASi z wykorzystaniem zewn\u0119trznego z\u0142\u0105cza M12 oraz dystrybutora pasywnego. Wariant IP20 (BWU3884) jest rozwi\u0105zaniem idealnym do zastosowania w szafach sterowniczych.<span class=\"Apple-converted-space\">\u00a0<\/span><\/span><\/p>\n<p style=\"text-align: justify;\"><span style=\"color: #000000;\"><img loading=\"lazy\" decoding=\"async\" class=\"alignnone size-full wp-image-1416\" src=\"https:\/\/www.as-i.pl\/wp-content\/uploads\/2020\/10\/green_marker.png\" alt=\"\" width=\"20\" height=\"20\" \/>\u00a0Po\u0142\u0105czenie ASi\/AUX za pomoc\u0105 p\u0142askiego przewodu profilowego ASi i technologi piercing &#8211; <a href=\"https:\/\/www.bihl-wiedemann.de\/eu\/products\/as-interface-modules\/active-distributors-asi\/product-selector-active-distributors-asi\/s\/BWU4727\" target=\"_blank\" rel=\"noopener\"><strong><span style=\"color: #333399;\">BWU4727<\/span><\/strong><\/a>, <a href=\"https:\/\/www.bihl-wiedemann.de\/eu\/products\/as-interface-modules\/io-modules\/product-selector-io-modules\/s\/BWU4230\" target=\"_blank\" rel=\"noopener\"><strong><span style=\"color: #333399;\">BWU4230<\/span><\/strong><\/a>, <a href=\"https:\/\/www.bihl-wiedemann.de\/eu\/products\/as-interface-modules\/io-modules\/product-selector-io-modules\/s\/BWU4232\"><span style=\"color: #333399;\"><strong>BWU4232<\/strong><\/span><\/a><\/span><\/p>\n<p style=\"text-align: justify;\"><span style=\"color: #000000;\"><img loading=\"lazy\" decoding=\"async\" class=\"alignnone size-full wp-image-1416\" src=\"https:\/\/www.as-i.pl\/wp-content\/uploads\/2020\/10\/green_marker.png\" alt=\"\" width=\"20\" height=\"20\" \/>\u00a0Po\u0142\u0105czenie ASi\/AUX poprzez z\u0142\u0105cze M12 i dystrybutor pasywny &#8211; <a href=\"https:\/\/www.bihl-wiedemann.de\/en\/products\/as-interface-modules\/io-modules\/product-selector-io-modules\/s\/bwu4231\"><strong><span style=\"color: #333399;\">BWU4231<\/span><\/strong><\/a>, <a href=\"https:\/\/www.bihl-wiedemann.de\/eu\/products\/as-interface-modules\/io-modules\/product-selector-io-modules\/s\/BWU4233\"><span style=\"color: #333399;\"><strong>BWU4233<\/strong><\/span><\/a><\/span><\/p>\n<p style=\"text-align: justify;\"><span style=\"color: #000000;\"><img loading=\"lazy\" decoding=\"async\" class=\"alignnone size-full wp-image-1416\" src=\"https:\/\/www.as-i.pl\/wp-content\/uploads\/2020\/10\/green_marker.png\" alt=\"\" width=\"20\" height=\"20\" \/>\u00a0Po\u0142\u0105czenie ASi\/AUX poprzez zaciski push-in &#8211; <a href=\"https:\/\/www.bihl-wiedemann.de\/eu\/products\/as-interface-modules\/io-modules\/product-selector-io-modules\/s\/BWU3884\"><span style=\"color: #333399;\"><strong>BWU3884<\/strong><\/span><\/a><\/span><\/p>\n\n\n\n<div style=\"height:28px\" aria-hidden=\"true\" class=\"wp-block-spacer\"><\/div>\n\n\n\n<hr class=\"wp-block-separator has-css-opacity is-style-dots\"\/>\n\n\n<div class=\"wp-block-image\">\n<figure class=\"aligncenter size-large\"><a href=\"https:\/\/www.as-i.pl\/wp-content\/uploads\/2023\/08\/Selfconfig_PL.pdf\" target=\"_blank\" rel=\"noopener\"><img loading=\"lazy\" decoding=\"async\" width=\"1024\" height=\"293\" src=\"https:\/\/www.as-i.pl\/wp-content\/uploads\/2021\/09\/Brief_graph-1024x293.jpg\" alt=\"\" class=\"wp-image-2136\" srcset=\"https:\/\/www.as-i.pl\/wp-content\/uploads\/2021\/09\/Brief_graph-1024x293.jpg 1024w, https:\/\/www.as-i.pl\/wp-content\/uploads\/2021\/09\/Brief_graph-300x86.jpg 300w, https:\/\/www.as-i.pl\/wp-content\/uploads\/2021\/09\/Brief_graph-768x220.jpg 768w, https:\/\/www.as-i.pl\/wp-content\/uploads\/2021\/09\/Brief_graph-1536x440.jpg 1536w, https:\/\/www.as-i.pl\/wp-content\/uploads\/2021\/09\/Brief_graph.jpg 1920w\" sizes=\"auto, (max-width: 1024px) 100vw, 1024px\" \/><\/a><\/figure>\n<\/div>\n\n\n<hr class=\"wp-block-separator has-css-opacity is-style-dots\"\/>\n\n\n\n<div style=\"height:28px\" aria-hidden=\"true\" class=\"wp-block-spacer\"><\/div>\n\n\n\n<h1 class=\"wp-block-heading has-vivid-red-color has-text-color\">PYTANIA I ODPOWIEDZI<\/h1>\n\n\n<div ><style>#sp-ea-3307 .spcollapsing { height: 0; overflow: hidden; transition-property: height;transition-duration: 300ms;}#sp-ea-3307.sp-easy-accordion>.sp-ea-single {margin-bottom: 10px; border: 1px solid #e2e2e2; }#sp-ea-3307.sp-easy-accordion>.sp-ea-single>.ea-header a {color: #444;}#sp-ea-3307.sp-easy-accordion>.sp-ea-single>.sp-collapse>.ea-body {background: #fff; color: #444;}#sp-ea-3307.sp-easy-accordion>.sp-ea-single {background: #eee;}#sp-ea-3307.sp-easy-accordion>.sp-ea-single>.ea-header a .ea-expand-icon { float: left; color: #444;font-size: 16px;}<\/style><div id=\"sp_easy_accordion-1777230861\"><div id=\"sp-ea-3307\" class=\"sp-ea-one sp-easy-accordion\" data-ea-active=\"ea-click\" data-ea-mode=\"vertical\" data-preloader=\"\" data-scroll-active-item=\"\" data-offset-to-scroll=\"0\"><div class=\"ea-card ea-expand sp-ea-single\"><h3 class=\"ea-header\"><a class=\"collapsed\" id=\"ea-header-33070\" role=\"button\" data-sptoggle=\"spcollapse\" data-sptarget=\"#collapse33070\" aria-controls=\"collapse33070\" href=\"#\" aria-expanded=\"true\" tabindex=\"0\"><i aria-hidden=\"true\" role=\"presentation\" class=\"ea-expand-icon eap-icon-ea-expand-minus\"><\/i> Jak mog\u0119 wy\u0142\u0105czy\u0107 wej\u015bcie feedback wystawionego wyj\u015bcia?<\/a><\/h3><div class=\"sp-collapse spcollapse collapsed show\" id=\"collapse33070\" data-parent=\"#sp-ea-3307\" role=\"region\" aria-labelledby=\"ea-header-33070\"> <div class=\"ea-body\"><p style=\"text-align: justify\">Ka\u017cdy kana\u0142 modu\u0142u mo\u017ce by\u0107 indywidualnie parametryzowany z pozycji ustawie\u0144 zaawansowanych modu\u0142u. Sygna\u0142 feedback zostanie wy\u0142\u0105czony po ustawieniu opcji \u201coutput only\u201d.<\/p><\/div><\/div><\/div><div class=\"ea-card sp-ea-single\"><h3 class=\"ea-header\"><a class=\"collapsed\" id=\"ea-header-33071\" role=\"button\" data-sptoggle=\"spcollapse\" data-sptarget=\"#collapse33071\" aria-controls=\"collapse33071\" href=\"#\" aria-expanded=\"false\" tabindex=\"0\"><i aria-hidden=\"true\" role=\"presentation\" class=\"ea-expand-icon eap-icon-ea-expand-plus\"><\/i> Co oznacza \u201cSamo-Konfigurowalne\u201d?<\/a><\/h3><div class=\"sp-collapse spcollapse \" id=\"collapse33071\" data-parent=\"#sp-ea-3307\" role=\"region\" aria-labelledby=\"ea-header-33071\"> <div class=\"ea-body\"><p style=\"text-align: justify\">Samo-konfiguracja oznacza, \u017ce nie ma konieczno\u015bci parametryzacji dla danego sygna\u0142u. Sygna\u0142y z pod\u0142\u0105czonego czujnika s\u0105 automatycznie transmitowane jako wej\u015bcia cyfrowe. Je\u015bli system sterowania wystawi bit danego wyj\u015bcia, sygna\u0142 jest transmitowany jako wyj\u015bcie cyfrowe. Opcjonalnie wszystkie modu\u0142y ASi5 mog\u0105 by\u0107 konfigurowane r\u0119cznie. W taki spos\u00f3b, ka\u017cdy z sygna\u0142\u00f3w mo\u017ce zosta\u0107 ustawiony indywidualnie jako \u201cinput only\u201d lub \u201coutput only\u201d.<\/p><\/div><\/div><\/div><div class=\"ea-card sp-ea-single\"><h3 class=\"ea-header\"><a class=\"collapsed\" id=\"ea-header-33072\" role=\"button\" data-sptoggle=\"spcollapse\" data-sptarget=\"#collapse33072\" aria-controls=\"collapse33072\" href=\"#\" aria-expanded=\"false\" tabindex=\"0\"><i aria-hidden=\"true\" role=\"presentation\" class=\"ea-expand-icon eap-icon-ea-expand-plus\"><\/i> Sygna\u0142 wyj\u015bciowy wymaga 500mA przy zasilaniu 24VDC. Czy mog\u0119 takie urz\u0105dzenie wykorzysta\u0107?<\/a><\/h3><div class=\"sp-collapse spcollapse \" id=\"collapse33072\" data-parent=\"#sp-ea-3307\" role=\"region\" aria-labelledby=\"ea-header-33072\"> <div class=\"ea-body\"><p style=\"text-align: justify\">W takim przypadku konieczne jest skorzystanie z dw\u00f3ch wyjs\u0107, pod\u0142\u0105czonych przewodem zewn\u0119trznie. W momencie jednoczesnego wysterowania obu tych wyj\u015b\u0107 maksymalny pob\u00f3r pr\u0105du wzro\u015bnie proporcjonalnie.<\/p><\/div><\/div><\/div><div class=\"ea-card sp-ea-single\"><h3 class=\"ea-header\"><a class=\"collapsed\" id=\"ea-header-33073\" role=\"button\" data-sptoggle=\"spcollapse\" data-sptarget=\"#collapse33073\" aria-controls=\"collapse33073\" href=\"#\" aria-expanded=\"false\" tabindex=\"0\"><i aria-hidden=\"true\" role=\"presentation\" class=\"ea-expand-icon eap-icon-ea-expand-plus\"><\/i> W jaki spos\u00f3b mog\u0119 zabezpieczy\u0107 czujnik przed przypadkowym zasileniem jako wyj\u015bcie?<\/a><\/h3><div class=\"sp-collapse spcollapse \" id=\"collapse33073\" data-parent=\"#sp-ea-3307\" role=\"region\" aria-labelledby=\"ea-header-33073\"> <div class=\"ea-body\"><p style=\"text-align: justify\">W standardowym ustawieniu fabrycznym, ka\u017cdy sygna\u0142 mo\u017ce by\u0107 u\u017cyty jako wej\u015bcie lub wyj\u015bcie. Przypadkowe zasilenie dango pinu nie b\u0119dzie mia\u0142o \u017cadnego znaczenia, je\u015bli parametr \u201cinput only\u201d by\u0142 r\u0119cznie ustawiony podczas konfiguracji.<\/p><\/div><\/div><\/div><div class=\"ea-card sp-ea-single\"><h3 class=\"ea-header\"><a class=\"collapsed\" id=\"ea-header-33074\" role=\"button\" data-sptoggle=\"spcollapse\" data-sptarget=\"#collapse33074\" aria-controls=\"collapse33074\" href=\"#\" aria-expanded=\"false\" tabindex=\"0\"><i aria-hidden=\"true\" role=\"presentation\" class=\"ea-expand-icon eap-icon-ea-expand-plus\"><\/i> W jaki spos\u00f3b mog\u0119 zmieni\u0107 parametry modu\u0142u 4 I\/O ASi3?<\/a><\/h3><div class=\"sp-collapse spcollapse \" id=\"collapse33074\" data-parent=\"#sp-ea-3307\" role=\"region\" aria-labelledby=\"ea-header-33074\"> <div class=\"ea-body\"><p style=\"text-align: justify\">Jako \u017ce modu\u0142 BWU4247 jest modu\u0142em wykonanym w technologii ASi3, nie ma parametrycaji zdefiniowanej na okre\u015blony kana\u0142. W tym przypadku wysterowanie sygna\u0142u jako wyj\u015bcia ustawia go jako wyj\u015bcie, a podanie sygna\u0142u jako wej\u015bcie ustawia go jako wej\u015bcie.<span class=\"Apple-converted-space\">\u00a0<\/span><\/p><\/div><\/div><\/div><div class=\"ea-card sp-ea-single\"><h3 class=\"ea-header\"><a class=\"collapsed\" id=\"ea-header-33075\" role=\"button\" data-sptoggle=\"spcollapse\" data-sptarget=\"#collapse33075\" aria-controls=\"collapse33075\" href=\"#\" aria-expanded=\"false\" tabindex=\"0\"><i aria-hidden=\"true\" role=\"presentation\" class=\"ea-expand-icon eap-icon-ea-expand-plus\"><\/i> Czy wyj\u015bcia tych modu\u0142\u00f3w mog\u0105 by\u0107 wy\u0142\u0105czane z wykorzystaniem bezpiecze\u0144stwa pasywnego?<\/a><\/h3><div class=\"sp-collapse spcollapse \" id=\"collapse33075\" data-parent=\"#sp-ea-3307\" role=\"region\" aria-labelledby=\"ea-header-33075\"> <div class=\"ea-body\"><p style=\"text-align: justify\">Tak. Wszystkie modu\u0142y s\u0105 kompatybilne z za\u0142o\u017ceniami bezpiecze\u0144stwa pasywnego (<i>Passive Safety<\/i>). Wyj\u015bcia s\u0105 wy\u0142\u0105czane w spos\u00f3b bezpieczny poprzez wy\u0142\u0105czenie napi\u0119cia pomocniczego AUX. Sama diagnostyka jest w dalszym ci\u0105gu dost\u0119pna przez ASi. Wi\u0119cej o Bezpiecze\u0144stwie Pasywnym <strong><a href=\"https:\/\/www.as-i.pl\/index.php\/2021\/06\/15\/bezpieczenstwo-pasywne-bierne-do-sil3-ple\/\" target=\"_blank\" rel=\"noopener\">TUTAJ<\/a><\/strong>.<span class=\"Apple-converted-space\">\u00a0<\/span><\/p><\/div><\/div><\/div><\/div><\/div><\/div>\n\n\n<div style=\"height:16px\" aria-hidden=\"true\" class=\"wp-block-spacer\"><\/div>\n\n\n\n<hr class=\"wp-block-separator has-css-opacity is-style-wide\"\/>\n\n\n\n<div style=\"height:57px\" aria-hidden=\"true\" class=\"wp-block-spacer\"><\/div>\n","protected":false},"excerpt":{"rendered":"<p>W newsach, pojawiaj\u0105cych si\u0119 na tej stronie, jak i w innych dost\u0119pnych publikacjach, coraz cz\u0119\u015bciej mo\u017cemy spotka\u0107 si\u0119 z okre\u015blenie modu\u0142\u00f3w samo-konfiguracyjnych (Self-Configuring I\/O Modules). Niniejsze kr\u00f3tkie opracowanie ma za zadanie przybli\u017cy\u0107 Pa\u0144stwu t\u0105 now\u0105 koncepcj\u0119 oraz wyja\u015bni\u0107, jak du\u017ce korzy\u015bci \u0142\u0105cz\u0105 si\u0119 z zastosowaniem modu\u0142\u00f3w takiego typu. Co to s\u0105 modu\u0142y samo-konfigurowalne? Modu\u0142y samo [&hellip;]<\/p>\n","protected":false},"author":1,"featured_media":2656,"comment_status":"closed","ping_status":"closed","sticky":false,"template":"","format":"standard","meta":{"footnotes":""},"categories":[17,28],"tags":[26,25,19,21],"class_list":["post-2064","post","type-post","status-publish","format-standard","has-post-thumbnail","hentry","category-artykuly","category-asi","tag-as-i","tag-as-interface","tag-asi","tag-asi5"],"_links":{"self":[{"href":"https:\/\/www.as-i.pl\/index.php\/wp-json\/wp\/v2\/posts\/2064","targetHints":{"allow":["GET"]}}],"collection":[{"href":"https:\/\/www.as-i.pl\/index.php\/wp-json\/wp\/v2\/posts"}],"about":[{"href":"https:\/\/www.as-i.pl\/index.php\/wp-json\/wp\/v2\/types\/post"}],"author":[{"embeddable":true,"href":"https:\/\/www.as-i.pl\/index.php\/wp-json\/wp\/v2\/users\/1"}],"replies":[{"embeddable":true,"href":"https:\/\/www.as-i.pl\/index.php\/wp-json\/wp\/v2\/comments?post=2064"}],"version-history":[{"count":72,"href":"https:\/\/www.as-i.pl\/index.php\/wp-json\/wp\/v2\/posts\/2064\/revisions"}],"predecessor-version":[{"id":4028,"href":"https:\/\/www.as-i.pl\/index.php\/wp-json\/wp\/v2\/posts\/2064\/revisions\/4028"}],"wp:featuredmedia":[{"embeddable":true,"href":"https:\/\/www.as-i.pl\/index.php\/wp-json\/wp\/v2\/media\/2656"}],"wp:attachment":[{"href":"https:\/\/www.as-i.pl\/index.php\/wp-json\/wp\/v2\/media?parent=2064"}],"wp:term":[{"taxonomy":"category","embeddable":true,"href":"https:\/\/www.as-i.pl\/index.php\/wp-json\/wp\/v2\/categories?post=2064"},{"taxonomy":"post_tag","embeddable":true,"href":"https:\/\/www.as-i.pl\/index.php\/wp-json\/wp\/v2\/tags?post=2064"}],"curies":[{"name":"wp","href":"https:\/\/api.w.org\/{rel}","templated":true}]}}