{"id":2487,"date":"2022-07-15T11:44:03","date_gmt":"2022-07-15T11:44:03","guid":{"rendered":"https:\/\/www.as-i.pl\/?p=2487"},"modified":"2024-08-20T12:31:49","modified_gmt":"2024-08-20T12:31:49","slug":"najlepsze-praktyki-przy-doborze-elementow-asi","status":"publish","type":"post","link":"https:\/\/www.as-i.pl\/index.php\/2022\/07\/15\/najlepsze-praktyki-przy-doborze-elementow-asi\/","title":{"rendered":"Najlepsze praktyki przy doborze element\u00f3w ASi"},"content":{"rendered":"\n<h2 class=\"wp-block-heading\"><strong>Jak \u0142atwo mo\u017cna skonfigurowa\u0107 instalacj\u0119 ASi<\/strong><\/h2>\n\n\n\n<p style=\"text-align: justify;\"><span style=\"color: #000000;\">Jakie czynniki s\u0105 szczeg\u00f3lnie wa\u017cne przy doborze odpowiednich komponent\u00f3w ASi? Jak najpro\u015bciej zainstalowa\u0107 now\u0105 sie\u0107 ASi i zintegrowa\u0107 j\u0105 ze sterowaniem wy\u017cszego poziomu? I w jaki spos\u00f3b nasz pakiet oprogramowania, jak r\u00f3wnie\u017c nowa i ulepszona jednostka adresowania ASi-5\/ASi-3, upraszczaj\u0105 sam proces uruchomienia? Ten kr\u00f3tki poradnik ma na celu odpowiedzie\u0107 na wszystkie te pytania, jak i na wiele innych, pojawiaj\u0105cych si\u0119 w momencie rozpoczynania pracy nad nowym projektem i koncepcj\u0105 systemu zautomatyzowanego. Zapraszam do skorzystania z licznych przydatnych wskaz\u00f3wek, opartych na wieloletnich do\u015bwiadczeniach firmy Bihl+Wiedemann w zakresie <b>najlepszych praktyk dla AS-Interface<\/b>.<\/span><\/p>\n\n\n\n<figure class=\"wp-block-embed is-type-video is-provider-vimeo wp-block-embed-vimeo wp-embed-aspect-16-9 wp-has-aspect-ratio\"><div class=\"wp-block-embed__wrapper\"><center>\n<iframe loading=\"lazy\" title=\"Tips for product selection and commissioning\" src=\"https:\/\/player.vimeo.com\/video\/695726807?dnt=1&amp;app_id=122963\" width=\"640\" height=\"360\" frameborder=\"0\" allow=\"autoplay; fullscreen; picture-in-picture; clipboard-write\"><\/iframe>\n<\/center><\/div><\/figure>\n\n\n\n<p style=\"text-align: justify;\"><span style=\"color: #000000;\">Z praktycznego punktu widzenia, praca nad projektem, uruchomieniem i wdro\u017ceniem nowego projektu wykorzystuj\u0105cego AS-Interface zawsze sk\u0142ada si\u0119 z tych samych, wymienionych poni\u017cej, cz\u0119\u015bci sk\u0142adowych. Nie wszystkie z tych krok\u00f3w s\u0105 oczywi\u015bcie wymagane, ale trzymanie si\u0119 tego schematu zapewnia bezpiecze\u0144stwo odpowiedniego i bezb\u0142\u0119dnego doboru i uruchomienia.<span class=\"Apple-converted-space\">&nbsp;<\/span><\/span><\/p>\n\n\n\n<div style=\"height:28px\" aria-hidden=\"true\" class=\"wp-block-spacer\"><\/div>\n\n\n\n<hr class=\"wp-block-separator has-alpha-channel-opacity is-style-wide\"\/>\n\n\n\n<div class=\"wp-block-columns is-layout-flex wp-container-core-columns-is-layout-9d6595d7 wp-block-columns-is-layout-flex\">\n<div class=\"wp-block-column is-layout-flow wp-block-column-is-layout-flow\">\n<p>&nbsp;<\/p>\n<p><span style=\"color: #000000;\"><strong>1. Wyb\u00f3r produkt\u00f3w<\/strong><\/span><\/p>\n<p><span style=\"color: #000000;\">1.1. Liczba i typ wej\u015b\u0107\/wyj\u015b\u0107<\/span><br><span style=\"color: #000000;\">1.2. Liczba i typ bramek (Gateway)<\/span><br><span style=\"color: #000000;\">1..3. Wyb\u00f3r oprogramowania PC<\/span><br><span style=\"color: #000000;\">1.4. Wyb\u00f3r akcesori\u00f3w<span class=\"Apple-converted-space\">&nbsp;<\/span><\/span><\/p>\n<p><span style=\"color: #000000;\"><b>2. Uruchomienie\/Konfiguracja<\/b><\/span><\/p>\n<p><span style=\"color: #000000;\">2.1. Tworzenie konfiguracji sprz\u0119towej projektu<\/span><br><span style=\"color: #000000;\">2.2. Pod\u0142\u0105czenie elektryczne<\/span><br><span style=\"color: #000000;\">2.3. Adresowanie modu\u0142\u00f3w ASi<\/span><br><span style=\"color: #000000;\">2.4. Konfiguracja z wykorzystaniem asystenta uruchomienia<span class=\"Apple-converted-space\">&nbsp;<br><\/span>2.5. Kontrola instalacji<span class=\"Apple-converted-space\">&nbsp;<\/span><\/span><\/p>\n<p><span style=\"color: #000000;\"><b>3. Uruchomienie ze sterownikiem PLC<\/b><\/span><\/p>\n<p><span style=\"color: #000000;\">3.1. Integracja w systemie wy\u017cszego poziomu<\/span><br><span style=\"color: #000000;\">3.2. Pomiary kontrolne i zatwierdzaj\u0105ce<span class=\"Apple-converted-space\">&nbsp;<br><\/span>3.3. Utrzymanie<\/span><\/p>\n<p><span style=\"color: #000000;\"><strong>4.&nbsp;Jak mo\u017cna uzyska\u0107 wsparcie?<\/strong><\/span><\/p>\n<\/div>\n\n\n\n<div class=\"wp-block-column is-layout-flow wp-block-column-is-layout-flow\">\n<figure class=\"wp-block-image size-large\"><img loading=\"lazy\" decoding=\"async\" width=\"861\" height=\"1024\" src=\"https:\/\/www.as-i.pl\/wp-content\/uploads\/2022\/07\/graph-861x1024.png\" alt=\"\" class=\"wp-image-2490\" srcset=\"https:\/\/www.as-i.pl\/wp-content\/uploads\/2022\/07\/graph-861x1024.png 861w, https:\/\/www.as-i.pl\/wp-content\/uploads\/2022\/07\/graph-252x300.png 252w, https:\/\/www.as-i.pl\/wp-content\/uploads\/2022\/07\/graph-768x914.png 768w, https:\/\/www.as-i.pl\/wp-content\/uploads\/2022\/07\/graph-1291x1536.png 1291w, https:\/\/www.as-i.pl\/wp-content\/uploads\/2022\/07\/graph-1721x2048.png 1721w, https:\/\/www.as-i.pl\/wp-content\/uploads\/2022\/07\/graph.png 2000w\" sizes=\"auto, (max-width: 861px) 100vw, 861px\" \/><\/figure>\n<\/div>\n<\/div>\n\n\n\n<hr class=\"wp-block-separator has-alpha-channel-opacity is-style-wide\"\/>\n\n\n\n<div style=\"height:28px\" aria-hidden=\"true\" class=\"wp-block-spacer\"><\/div>\n\n\n\n<h2 class=\"wp-block-heading\"><strong>1. Wyb\u00f3r produkt\u00f3w<\/strong><\/h2>\n\n\n\n<p style=\"text-align: justify;\"><span style=\"color: #000000;\">Ka\u017cda sie\u0107 AS-Interface sk\u0142ada si\u0119 zawsze z czterech podstawowych element\u00f3w: <b>Master ASi<\/b>, <b>Modu\u0142y podrz\u0119dne ASi,<\/b> <b>zasilacz<\/b> oraz <b>przew\u00f3d ASi<\/b>.<\/span><\/p>\n\n\n\n<div style=\"height:26px\" aria-hidden=\"true\" class=\"wp-block-spacer\"><\/div>\n\n\n<div class=\"wp-block-image\">\n<figure class=\"aligncenter size-full is-resized\"><img loading=\"lazy\" decoding=\"async\" width=\"1000\" height=\"211\" src=\"https:\/\/www.as-i.pl\/wp-content\/uploads\/2022\/07\/elementy.png\" alt=\"\" class=\"wp-image-2495\" style=\"width:717px;height:151px\" srcset=\"https:\/\/www.as-i.pl\/wp-content\/uploads\/2022\/07\/elementy.png 1000w, https:\/\/www.as-i.pl\/wp-content\/uploads\/2022\/07\/elementy-300x63.png 300w, https:\/\/www.as-i.pl\/wp-content\/uploads\/2022\/07\/elementy-768x162.png 768w\" sizes=\"auto, (max-width: 1000px) 100vw, 1000px\" \/><\/figure>\n<\/div>\n\n\n<div style=\"height:58px\" aria-hidden=\"true\" class=\"wp-block-spacer\"><\/div>\n\n\n\n<hr class=\"wp-block-separator has-alpha-channel-opacity is-style-dots\"\/>\n\n\n\n<table style=\"border-collapse: collapse; width: 100%; height: 177px;\">\n<tbody>\n<tr style=\"height: 177px;\">\n<td style=\"width: 53.45238095238095%; text-align: justify; height: 177px;\"><img loading=\"lazy\" decoding=\"async\" class=\"wp-image-2497 aligncenter\" src=\"https:\/\/www.as-i.pl\/wp-content\/uploads\/2022\/07\/Screenshot-2022-07-14-at-08.42.05-300x130.png\" alt=\"\" width=\"408\" height=\"177\" srcset=\"https:\/\/www.as-i.pl\/wp-content\/uploads\/2022\/07\/Screenshot-2022-07-14-at-08.42.05-300x130.png 300w, https:\/\/www.as-i.pl\/wp-content\/uploads\/2022\/07\/Screenshot-2022-07-14-at-08.42.05-768x334.png 768w, https:\/\/www.as-i.pl\/wp-content\/uploads\/2022\/07\/Screenshot-2022-07-14-at-08.42.05.png 884w\" sizes=\"auto, (max-width: 408px) 100vw, 408px\" \/><\/td>\n<td style=\"width: 46.54761904761905%; text-align: justify; height: 177px;\"><span style=\"color: #000000;\">Selektory produkt\u00f3w, dost\u0119pne na stronie internetowej Bihl+Wiedemann, pomagaj\u0105 w dok\u0142adnym i wydajnym wyborze odpowiednich urz\u0105dze\u0144. Zaznaczanie kolejnych istotnych kryteri\u00f3w wyboru pozwala na zaw\u0119\u017cenie wynik\u00f3w wyszukiwania do takich, kt\u00f3re s\u0105 w danym momencie istotne. <\/span><\/td>\n<\/tr>\n<\/tbody>\n<\/table>\n\n\n\n<div style=\"height:58px\" aria-hidden=\"true\" class=\"wp-block-spacer\"><\/div>\n\n\n\n<hr class=\"wp-block-separator has-alpha-channel-opacity is-style-wide\"\/>\n\n\n\n<table style=\"height: 180px; width: 100%; border-collapse: collapse;\">\n<tbody>\n<tr style=\"background-color: #ebe8e8;\">\n<td style=\"width: 25%;\"><img loading=\"lazy\" decoding=\"async\" class=\"wp-image-2590 aligncenter\" src=\"https:\/\/www.as-i.pl\/wp-content\/uploads\/2022\/07\/choice-230x300.png\" alt=\"\" width=\"146\" height=\"190\" srcset=\"https:\/\/www.as-i.pl\/wp-content\/uploads\/2022\/07\/choice-230x300.png 230w, https:\/\/www.as-i.pl\/wp-content\/uploads\/2022\/07\/choice-768x1000.png 768w, https:\/\/www.as-i.pl\/wp-content\/uploads\/2022\/07\/choice.png 780w\" sizes=\"auto, (max-width: 146px) 100vw, 146px\" \/><\/td>\n<td style=\"width: 50%; text-align: justify;\"><span style=\"color: #000000;\">Oznaczenie przy zdj\u0119ciu \u201c<i>Bihl+Wiedemann\u2019s Choice<\/i>\u201d wyr\u00f3\u017cnia produkty, kt\u00f3re s\u0105 wykorzystywane szczeg\u00f3lnie cz\u0119sto. S\u0105 one idealne do wszystkich standardowych zastosowa\u0144 i charakteryzuj\u0105 si\u0119 doskona\u0142ym stosunkiem jako\u015bci do ceny.<\/span><\/td>\n<td style=\"width: 25%;\"><img loading=\"lazy\" decoding=\"async\" class=\"wp-image-2506 aligncenter\" src=\"https:\/\/www.as-i.pl\/wp-content\/uploads\/2022\/07\/best-practice-300x140.png\" alt=\"\" width=\"164\" height=\"76\" srcset=\"https:\/\/www.as-i.pl\/wp-content\/uploads\/2022\/07\/best-practice-300x140.png 300w, https:\/\/www.as-i.pl\/wp-content\/uploads\/2022\/07\/best-practice.png 500w\" sizes=\"auto, (max-width: 164px) 100vw, 164px\" \/><\/td>\n<\/tr>\n<\/tbody>\n<\/table>\n\n\n\n<hr class=\"wp-block-separator has-alpha-channel-opacity is-style-wide\"\/>\n\n\n\n<table style=\"height: 180px; width: 100%; border-collapse: collapse;\">\n<tbody>\n<tr style=\"background-color: #ebe8e8;\">\n<td style=\"width: 25%;\"><img loading=\"lazy\" decoding=\"async\" class=\"wp-image-2520 aligncenter\" src=\"https:\/\/www.as-i.pl\/wp-content\/uploads\/2022\/07\/software-best-291x300.png\" alt=\"\" width=\"130\" height=\"134\" srcset=\"https:\/\/www.as-i.pl\/wp-content\/uploads\/2022\/07\/software-best-291x300.png 291w, https:\/\/www.as-i.pl\/wp-content\/uploads\/2022\/07\/software-best.png 738w\" sizes=\"auto, (max-width: 130px) 100vw, 130px\" \/><\/td>\n<td style=\"width: 50%; text-align: justify;\"><span style=\"color: #000000;\">Zawsze zalecany jest zakup pakietu oprogramowania Bihl+Wiedemann Software Suite BW2916 (dla aplikacji bezpiecze\u0144stwa) lub BW2902 (dla aplikacji standardowych), kt\u00f3ry umo\u017cliwia wygodne planowanie i uruchamianie system\u00f3w ASi oraz kontrol\u0119 wyboru produkt\u00f3w z wykorzystaniem zintegrowanego katalogu sprz\u0119towego.<\/span><\/td>\n<td style=\"width: 25%;\"><img loading=\"lazy\" decoding=\"async\" class=\"wp-image-2506 aligncenter\" src=\"https:\/\/www.as-i.pl\/wp-content\/uploads\/2022\/07\/best-practice-300x140.png\" alt=\"\" width=\"164\" height=\"76\" srcset=\"https:\/\/www.as-i.pl\/wp-content\/uploads\/2022\/07\/best-practice-300x140.png 300w, https:\/\/www.as-i.pl\/wp-content\/uploads\/2022\/07\/best-practice.png 500w\" sizes=\"auto, (max-width: 164px) 100vw, 164px\" \/><\/td>\n<\/tr>\n<\/tbody>\n<\/table>\n\n\n\n<hr class=\"wp-block-separator has-alpha-channel-opacity is-style-wide\"\/>\n\n\n\n<div style=\"height:37px\" aria-hidden=\"true\" class=\"wp-block-spacer\"><\/div>\n\n\n\n<div class=\"wp-block-columns is-layout-flex wp-container-core-columns-is-layout-9d6595d7 wp-block-columns-is-layout-flex\">\n<div class=\"wp-block-column is-layout-flow wp-block-column-is-layout-flow\">\n<h3>1.1. Liczba i typ wej\u015b\u0107\/wyj\u015b\u0107<\/h3>\n<p><span style=\"color: #000000;\">Pierwszym krokiem przy tworzeniu nowego projektu AS-Interface jest okre\u015blenie ilo\u015bci i typu wej\u015b\u0107 i wyj\u015b\u0107, kt\u00f3rych system b\u0119dzie wymaga\u0142. <\/span><\/p>\n<p><span style=\"color: #000000;\">Wyboru najlepiej dokona\u0107 z wykorzystaniem wspomnianego wy\u017cej selektora lub korzystaj\u0105c z przegl\u0105du odpowiednich produkt\u00f3w (modu\u0142y do znalezienia <strong><span style=\"color: #000080;\"><a style=\"color: #000080;\" href=\"https:\/\/www.bihl-wiedemann.de\/eu\/products\/as-interface-modules\">TUTAJ<\/a><\/span><\/strong>):<\/span><\/p>\n<p><strong><span style=\"color: #000000;\">&#8211; dla sygna\u0142\u00f3w standardowych<\/span><\/strong><\/p>\n<p><span style=\"color: #000000;\"><strong>&#8211; dla sygna\u0142\u00f3w bezpiecze\u0144stwa<\/strong><\/span><\/p>\n<\/div>\n\n\n\n<div class=\"wp-block-column is-layout-flow wp-block-column-is-layout-flow\">\n<h3>1.2. Liczba i typ bramek (Gateway)<\/h3>\n<p style=\"text-align: justify;\"><span style=\"color: #000000;\">Kolejnym krokiem jest wyb\u00f3r Gateway z Masterem ASi, odpowiedniego dla nadrz\u0119dnego systemu sterownia.. Tutaj r\u00f3wnie\u017c dost\u0119pny jest na naszej stronie selektor lub mo\u017cna skorzysta\u0107 z tabeli wszystkich urz\u0105dze\u0144 tego typu (<strong><span style=\"color: #000080;\"><a style=\"color: #000080;\" href=\"https:\/\/www.bihl-wiedemann.de\/eu\/products\/as-interface-mastergateways\">BRAMKI<\/a><\/span><\/strong>):<\/span><\/p>\n<p><span style=\"color: #000000;\"><strong>&#8211; Bramki standardowe<\/strong><\/span><\/p>\n<p><span style=\"color: #000000;\"><strong>&#8211; Bramki ze zintegrowanym Monitorem Bezpiecze\u0144stwa<\/strong><\/span><\/p>\n<p style=\"text-align: justify;\"><span style=\"color: #000000;\">Liczba bramek wymaganych do projektowanego systemu jest zale\u017cna od ilo\u015bci wymaganych adres\u00f3w urz\u0105dze\u0144 podrz\u0119dnych i ogranicze\u0144 systemowych AS-Interface, odnosz\u0105cych si\u0119 do maksymalnej ilo\u015bci adres\u00f3w na sie\u0107. <\/span><\/p>\n<\/div>\n<\/div>\n\n\n\n<hr class=\"wp-block-separator has-alpha-channel-opacity is-style-wide\"\/>\n\n\n\n<table style=\"width: 100%; border-collapse: collapse; height: 115px;\">\n<tbody>\n<tr style=\"background-color: #ebe8e8;\">\n<td style=\"width: 25%; height: 115px;\"><img loading=\"lazy\" decoding=\"async\" class=\"wp-image-2506 aligncenter\" src=\"https:\/\/www.as-i.pl\/wp-content\/uploads\/2022\/07\/best-practice-300x140.png\" alt=\"\" width=\"173\" height=\"80\" srcset=\"https:\/\/www.as-i.pl\/wp-content\/uploads\/2022\/07\/best-practice-300x140.png 300w, https:\/\/www.as-i.pl\/wp-content\/uploads\/2022\/07\/best-practice.png 500w\" sizes=\"auto, (max-width: 173px) 100vw, 173px\" \/><\/td>\n<td style=\"width: 75%; height: 115px;\"><span style=\"color: #000000;\">Zalecane jest stosowanie bramek ze zintegrowanymi cewkami odprz\u0119gaj\u0105cymi (<i>data decoupling<\/i>). Nat\u0119\u017cenie pr\u0105du 4 A jest zazwyczaj wystarczaj\u0105ce dla jednej sieci ASi; dost\u0119pne s\u0105 r\u00f3wnie\u017c warianty oferuj\u0105ce 8 A na sie\u0107 (dla aplikacji charakteryzuj\u0105cych si\u0119 wi\u0119kszym zapotrzebowaniem pr\u0105dowym).<\/span><\/td>\n<\/tr>\n<\/tbody>\n<\/table>\n\n\n\n<hr class=\"wp-block-separator has-alpha-channel-opacity is-style-wide\"\/>\n\n\n\n<div style=\"height:38px\" aria-hidden=\"true\" class=\"wp-block-spacer\"><\/div>\n\n\n\n<div class=\"wp-block-columns is-layout-flex wp-container-core-columns-is-layout-9d6595d7 wp-block-columns-is-layout-flex\">\n<div class=\"wp-block-column is-layout-flow wp-block-column-is-layout-flow\">\n<h3>1.3. Wyb\u00f3r oprogramowania PC<\/h3>\n<p style=\"text-align: justify;\"><span style=\"color: #000000;\">Aby konfiguracja i uruchomienie urz\u0105dze\u0144 oraz ca\u0142ego uk\u0142adu ASi by\u0142y jak naj\u0142atwiejsze i najwygodniejsze, Bihl+Wiedemann opracowa\u0142 dwa pakiety oprogramowania: BW2916 dla aplikacji bezpiecze\u0144stwa oraz BW2902 dla aplikacji standardowych.<\/span><\/p>\n<table style=\"border-collapse: collapse; width: 100%;\">\n<tbody>\n<tr style=\"background-color: #ebe8e8;\">\n<td style=\"width: 25%;\"><img loading=\"lazy\" decoding=\"async\" class=\"alignnone  wp-image-2506\" src=\"https:\/\/www.as-i.pl\/wp-content\/uploads\/2022\/07\/best-practice-300x140.png\" alt=\"\" width=\"93\" height=\"43\" srcset=\"https:\/\/www.as-i.pl\/wp-content\/uploads\/2022\/07\/best-practice-300x140.png 300w, https:\/\/www.as-i.pl\/wp-content\/uploads\/2022\/07\/best-practice.png 500w\" sizes=\"auto, (max-width: 93px) 100vw, 93px\" \/><\/td>\n<td style=\"width: 75%; text-align: justify;\"><span style=\"color: #000000;\">Zaleca si\u0119 okre\u015blenie konfiguracji sprz\u0119towej natychmiast w fazie planowania w wykorzystaniem katalogu sprz\u0119towego. Katalog ten zawarty jest w oprogramowaniu ASIMON360 jako cz\u0119\u015bci pakietu Safety Suite Bihl+Wiedemann BW2916, jak r\u00f3wnie\u017c w oprogramowaniu ASi Control Tools360 jako cz\u0119\u015bci pakietu Bihl+Wiedemann Suite BW2902.<\/span><\/td>\n<\/tr>\n<\/tbody>\n<\/table>\n<p style=\"text-align: justify;\"><span style=\"color: #000000;\">Konfiguracja sprz\u0119towa automatycznie przypisuje zakresy adres\u00f3w ASi do odpowiednich modu\u0142\u00f3w podrz\u0119dnych i wy\u015bwietla je w przejrzystym, prostym do zrozumienia przegl\u0105dzie graficznym. Znacznie u\u0142atwia to planowanie sieci ASi, jak i samo przydzielanie adres\u00f3w. System przeprowadza r\u00f3wnie\u017c kontrol\u0119 konfiguracji modu\u0142\u00f3w, liczby modu\u0142\u00f3w na sie\u0107 oraz sprawdza warto\u015b\u0107 zapotrzebowania pr\u0105dowego na dan\u0105 sie\u0107 ASi. W przypadku potencjalnych problem\u00f3w wy\u015bwietlane s\u0105 ostrze\u017cenia i wskaz\u00f3wki.<span class=\"Apple-converted-space\">&nbsp;<\/span><\/span><\/p>\n<p style=\"text-align: justify;\"><span style=\"color: #000000;\">Dla wprowadzenia do pracy z katalogiem urz\u0105dze\u0144 polecamy film instrukta\u017cowy &#8222;ASi Control Tools360: Konfiguracja urz\u0105dze\u0144 ASi-5&#8221;. Link poni\u017cej (wymagana rejestracja na stronie Bihl+Wiedemann).<\/span><\/p>\n<p><a href=\"https:\/\/www.bihl-wiedemann.de\/p1\/tutorial1705201601\/asi-control-tools360-configuration-of-asi-5-devices.html\" target=\"_blank\" rel=\"noopener\"><img loading=\"lazy\" decoding=\"async\" class=\"alignnone  wp-image-2553\" src=\"https:\/\/www.as-i.pl\/wp-content\/uploads\/2022\/07\/film-button-300x58.png\" alt=\"\" width=\"233\" height=\"45\" srcset=\"https:\/\/www.as-i.pl\/wp-content\/uploads\/2022\/07\/film-button-300x58.png 300w, https:\/\/www.as-i.pl\/wp-content\/uploads\/2022\/07\/film-button.png 500w\" sizes=\"auto, (max-width: 233px) 100vw, 233px\" \/><\/a><\/p>\n<p style=\"text-align: justify;\"><span style=\"color: #000000;\">W celu skorzystania z sieci ASi z urz\u0105dzeniami realizuj\u0105cymi funkcj\u0119 bezpiecze\u0144stwa, konieczne jest r\u00f3wnie\u017c stworzenie &#8222;Projektu bezpiecze\u0144stwa&#8221;. W tym celu zalecamy obejrzenie tutoriala wideo &#8222;ASIMON360: Konfiguracja urz\u0105dze\u0144 bezpiecze\u0144stwa\u201d. Link poni\u017cej (wymagana rejestracja na stronie Bihl+Wiedemann).<\/span><\/p>\n<p><a href=\"https:\/\/www.bihl-wiedemann.de\/p1\/tutorial1705201601\/asimon360-configuration-of-safety-devices.html\"><img loading=\"lazy\" decoding=\"async\" class=\"alignnone  wp-image-2553\" src=\"https:\/\/www.as-i.pl\/wp-content\/uploads\/2022\/07\/film-button-300x58.png\" alt=\"\" width=\"243\" height=\"47\" srcset=\"https:\/\/www.as-i.pl\/wp-content\/uploads\/2022\/07\/film-button-300x58.png 300w, https:\/\/www.as-i.pl\/wp-content\/uploads\/2022\/07\/film-button.png 500w\" sizes=\"auto, (max-width: 243px) 100vw, 243px\" \/><\/a><\/p>\n<p>&nbsp;<\/p>\n<\/div>\n\n\n\n<div class=\"wp-block-column is-layout-flow wp-block-column-is-layout-flow\">\n<h3>1.4. Wyb\u00f3r akcesori\u00f3w<\/h3>\n<p style=\"text-align: justify;\"><span style=\"color: #000000;\">Kolejnym krokiem jest dob\u00f3r odpowiednich zasilaczy bazuj\u0105c na zapotrzebowaniu pr\u0105dowym naszej instalacji oraz technologii z jakiej korzysta dobrana bramka ASi. Pe\u0142na lista zasilaczy dost\u0119pna jest <span style=\"color: #000080;\"><a style=\"color: #000080;\" href=\"https:\/\/www.bihl-wiedemann.de\/eu\/products\/accessories\/power-supplies\/product-selector-power-supplies\" target=\"_blank\" rel=\"noopener\">TUTAJ<\/a><\/span>.<\/span><\/p>\n<p style=\"text-align: justify;\"><span style=\"color: #000000;\">Czwartym elementem potrzebnym w uk\u0142adzie ASi jest \u017c\u00f3\u0142ty przew\u00f3d ASi oraz, w razie potrzeby, czarny przew\u00f3d zasilania pomocniczego<span class=\"Apple-converted-space\">&nbsp; <\/span>AUX. Przegl\u0105d dost\u0119pnych przewod\u00f3w ASi mo\u017cna znale\u017a\u0107<\/span> <span style=\"color: #000080;\"><a style=\"color: #000080;\" href=\"https:\/\/www.bihl-wiedemann.de\/p1\/products\/accessories\/cablingchip-cards\/product-overview-cablingchip-cards.html\" target=\"_blank\" rel=\"noopener\">TUTAJ<\/a><\/span>.<span class=\"Apple-converted-space\">&nbsp;<\/span><\/p>\n<p style=\"text-align: justify;\"><span style=\"color: #000000;\">Do p\u00f3\u017aniejszego adresowania i uruchamiania modu\u0142\u00f3w ASi zaleca si\u0119 stosowanie r\u0119cznej jednostki adresuj\u0105cej ASi-5\/ASi-3 BW4708. Kr\u00f3tkie wprowadzenie do obs\u0142ugi naszej nowej jednostki mo\u017cna znale\u017a\u0107 w wideo &#8222;Urz\u0105dzenie do programowania adres\u00f3w Bihl+Wiedemann ASi-5\/ASi-3\u201d:<\/span><\/p>\n\n\n\n<figure class=\"wp-block-embed is-type-video is-provider-vimeo wp-block-embed-vimeo wp-embed-aspect-16-9 wp-has-aspect-ratio\"><div class=\"wp-block-embed__wrapper\">\n<iframe loading=\"lazy\" title=\"ASi-5\/ASi-3 Address Programming Device\" src=\"https:\/\/player.vimeo.com\/video\/533888452?dnt=1&amp;app_id=122963\" width=\"640\" height=\"360\" frameborder=\"0\" allow=\"autoplay; fullscreen; picture-in-picture; clipboard-write\"><\/iframe>\n<\/div><\/figure>\n\n\n\n<hr class=\"wp-block-separator has-alpha-channel-opacity is-style-dots\"\/>\n\n\n\n<p><span style=\"color: #000080;\"><strong>UWAGA:<\/strong><\/span><\/p>\n<p style=\"text-align: justify;\"><span style=\"color: #000000;\">Oba wspomniane obok tutoriale s\u0105 r\u00f3wnie\u017c dost\u0119pne w j\u0119zyku polskim jako dokumenty pdf po uprzedniej rejestracji za pomoc\u0105 formularza kontaktowego<\/span> (<span style=\"color: #000080;\"><a style=\"color: #000080;\" href=\"https:\/\/www.as-i.pl\/index.php\/dane-kontaktowe\/\" target=\"_blank\" rel=\"noopener\">TUTAJ<\/a><\/span>). <span style=\"color: #000000;\">W tre\u015bci wiadomo\u015bci prosz\u0119 wpisa\u0107 \u201c<strong>Konfiguracja sprz\u0119towa<\/strong>\u201d.<span class=\"Apple-converted-space\">&nbsp;<\/span><\/span><\/p>\n<\/div>\n<\/div>\n\n\n\n<hr class=\"wp-block-separator has-alpha-channel-opacity is-style-dots\"\/>\n\n\n\n<h2 class=\"wp-block-heading\"><strong>2. Uruchomienie \/ Konfiguracja&nbsp;<\/strong><\/h2>\n\n\n\n<p><span style=\"color: #000000;\">Proces uruchomienia sk\u0142ada si\u0119 z pi\u0119ciu cz\u0119\u015bci, schematycznie przedstawionych na poni\u017cszym rysunku<\/span><\/p>\n\n\n\n<div class=\"wp-block-columns is-layout-flex wp-container-core-columns-is-layout-9d6595d7 wp-block-columns-is-layout-flex\">\n<div class=\"wp-block-column is-layout-flow wp-block-column-is-layout-flow\">\n<h3><b>2.1. Tworzenie konfiguracji sprz\u0119towej projektu<\/b><\/h3>\n<p style=\"text-align: justify;\"><span style=\"color: #000000;\">Je\u017celi projekt konfiguracji nie zosta\u0142 stworzony uprzednio (patrz punkt 1.3) to krok ten powinien zosta\u0107 wykonany teraz i jest on pierwszym etapem w uruchomieniu instalacji ASi. Skorzystanie z katalogu sprz\u0119towego oprogramowania znacznie u\u0142atwia ten proces, dostarczaj\u0105c danych wizualnych na temat samego wygl\u0105du sieci i ilo\u015bci wykorzystanych adres\u00f3w.<\/span><\/p>\n<h3><b>2.2. Pod\u0142\u0105czenie elektryczne<\/b><\/h3>\n<p style=\"text-align: justify;\"><span style=\"color: #000000;\">Podstawowa konfiguracja elektryczna ca\u0142ej instalacji ASi zosta\u0142a opisana w poradniku instalacyjnym ASi. Jest on dost\u0119pny w pliku pdf po uprzednim przes\u0142aniu pro\u015bby z wykorzystaniem formularza kontaktowego (<span style=\"color: #000080;\"><a style=\"color: #000080;\" href=\"https:\/\/www.as-i.pl\/index.php\/dane-kontaktowe\/]\" target=\"_blank\" rel=\"noopener\">TUTAJ<\/a><\/span>). We wiadomo\u015bci prosz\u0119 wpisa\u0107 \u201c<b>Poradnik Instalacyjny ASi\u201d<\/b>. Samo pod\u0142\u0105czenie elektryczne ka\u017cdego urz\u0105dzenia opisane jest w jego indywidualnej instrukcji monta\u017cu. Instrukcje s\u0105 dost\u0119pne na stornie ka\u017cdego produktu w zak\u0142adce Download (wymagana wcze\u015bniejsza rejestracja na stronie Bihl+Wiedemann). Poza podstawowymi informacjami odno\u015bnie pod\u0142\u0105cze\u0144 elektrycznych instrukcje zawieraj\u0105 r\u00f3wnie\u017c przyk\u0142ady pod\u0142\u0105cze\u0144.<\/span><\/p>\n<h3><b>2.3. Adresowanie modu\u0142\u00f3w ASi<\/b><\/h3>\n<p style=\"text-align: justify;\"><span style=\"color: #000000;\">Po fizycznym pod\u0142\u0105czeniu modu\u0142\u00f3w do sieci ASi nale\u017cy je zaadresowa\u0107 z wykorzystaniem r\u0119cznej jednostki adresuj\u0105cej. Po zako\u0144czeniu tego etapu mo\u017cna w\u0142\u0105czy\u0107 napi\u0119cie zasilania. Wi\u0119cej informacji na temat jednostki adresuj\u0105cej <span style=\"color: #000080;\"><a style=\"color: #000080;\" href=\"https:\/\/www.bihl-wiedemann.de\/en\/applications\/as-interface\/the-modern-asi-5asi-3-address-programming-device-designed-for-all-asi-generations.html#c109689\" target=\"_blank\" rel=\"noopener\">TUTAJ<\/a><\/span>.<\/span><\/p>\n<p>&nbsp;<\/p>\n<\/div>\n\n\n\n<div class=\"wp-block-column is-layout-flow wp-block-column-is-layout-flow\">\n<figure class=\"wp-block-image size-full\"><img loading=\"lazy\" decoding=\"async\" width=\"1000\" height=\"1000\" src=\"https:\/\/www.as-i.pl\/wp-content\/uploads\/2022\/07\/commisioning.png\" alt=\"\" class=\"wp-image-2556\" srcset=\"https:\/\/www.as-i.pl\/wp-content\/uploads\/2022\/07\/commisioning.png 1000w, https:\/\/www.as-i.pl\/wp-content\/uploads\/2022\/07\/commisioning-300x300.png 300w, https:\/\/www.as-i.pl\/wp-content\/uploads\/2022\/07\/commisioning-150x150.png 150w, https:\/\/www.as-i.pl\/wp-content\/uploads\/2022\/07\/commisioning-768x768.png 768w, https:\/\/www.as-i.pl\/wp-content\/uploads\/2022\/07\/commisioning-640x640.png 640w\" sizes=\"auto, (max-width: 1000px) 100vw, 1000px\" \/><\/figure>\n<\/div>\n<\/div>\n\n\n\n<h3><b>2.4. Konfiguracja z wykorzystaniem asystenta uruchomienia<span class=\"Apple-converted-space\">&nbsp;<\/span><\/b><\/h3>\n<p style=\"text-align: justify;\"><span style=\"color: #000000;\">Po stworzeniu konfiguracji sieci ASi z wykorzystaniem ASIMON360 lub ASi Control Tools360, nale\u017cy skorzysta\u0107 ze zintegrowanego Asystenta<span class=\"Apple-converted-space\">&nbsp; <\/span>Uruchomienia (<i>Commissioning Wizard<\/i>), aby uruchomi\u0107 instalacj\u0119 ASi.<\/span><\/p>\n<p style=\"text-align: justify;\"><span style=\"color: #000000;\">Asystent uruchomienia automatycznie por\u00f3wnuje docelow\u0105 i rzeczywist\u0105 konfiguracj\u0119 systemu oraz przeprowadza parametryzacj\u0119 ca\u0142ego systemu, w tym urz\u0105dze\u0144 peryferyjnych (np. pod\u0142\u0105czonych urz\u0105dze\u0144 IO-Link).<\/span><\/p>\n\n\n\n<div style=\"height:33px\" aria-hidden=\"true\" class=\"wp-block-spacer\"><\/div>\n\n\n\n<h3><b>2.5. Kontrola instalacji<span class=\"Apple-converted-space\">&nbsp;<\/span><\/b><\/h3>\n<p style=\"text-align: justify;\"><span style=\"color: #000000;\">Z wykorzystaniem funkcji \u201c<i>Online Bus Information<\/i>\u201d, dost\u0119pnej w ka\u017cdym naszym pakiecie oprogramowania, mo\u017cna sprawdzi\u0107 czy pod\u0142\u0105czone do modu\u0142\u00f3w czujniki i urz\u0105dzenia wykonawcze dzia\u0142aj\u0105 prawid\u0142owo, Graficzna wizualizacja konfiguracji daje szybki i \u0142atwy przegl\u0105d stanu ca\u0142ego systemu, a opcje poszczeg\u00f3lnych modu\u0142\u00f3w pozwalaj\u0105 na dog\u0142\u0119bniejsz\u0105 kontrol\u0119 poprawno\u015bci pracy instalacji.<\/span><\/p>\n\n\n\n<div style=\"height:33px\" aria-hidden=\"true\" class=\"wp-block-spacer\"><\/div>\n\n\n\n<hr class=\"wp-block-separator has-alpha-channel-opacity is-style-wide\"\/>\n\n\n\n<table style=\"border-collapse: collapse; width: 100%; height: 92px;\">\n<tbody>\n<tr style=\"height: 92px; background-color: #ebe8e8;\">\n<td style=\"width: 25%; height: 92px;\"><img loading=\"lazy\" decoding=\"async\" class=\"wp-image-2506 aligncenter\" src=\"https:\/\/www.as-i.pl\/wp-content\/uploads\/2022\/07\/best-practice-300x140.png\" alt=\"\" width=\"169\" height=\"79\" srcset=\"https:\/\/www.as-i.pl\/wp-content\/uploads\/2022\/07\/best-practice-300x140.png 300w, https:\/\/www.as-i.pl\/wp-content\/uploads\/2022\/07\/best-practice.png 500w\" sizes=\"auto, (max-width: 169px) 100vw, 169px\" \/><\/td>\n<td style=\"width: 75%; text-align: justify; height: 92px;\"><span style=\"color: #000000;\">Zalecane jest skorzystanie z naszego oprogramowania diagnostycznego (do\u0142\u0105czonego do BW2916 lub BW2902), aby wykona\u0107 kr\u00f3tki test systemu (zalecane ok. 10 min.). Stanowi to ostateczn\u0105 kontrol\u0119 ca\u0142ej konfiguracji i instalacji przed pod\u0142\u0105czeniem sieci ASi do sterowania wy\u017cszego poziomu.<\/span><\/td>\n<\/tr>\n<\/tbody>\n<\/table>\n\n\n\n<hr class=\"wp-block-separator has-alpha-channel-opacity is-style-wide\"\/>\n\n\n\n<hr class=\"wp-block-separator has-alpha-channel-opacity is-style-dots\"\/>\n\n\n\n<div style=\"height:41px\" aria-hidden=\"true\" class=\"wp-block-spacer\"><\/div>\n\n\n\n<h2 class=\"wp-block-heading\">3. Uruchomienie ze sterownikiem PLC<\/h2>\n\n\n\n<div style=\"height:24px\" aria-hidden=\"true\" class=\"wp-block-spacer\"><\/div>\n\n\n\n<h3><b>3.1. Integracja w systemie wy\u017cszego poziomu<\/b><\/h3>\n\n\n\n<div style=\"height:24px\" aria-hidden=\"true\" class=\"wp-block-spacer\"><\/div>\n\n\n\n<div class=\"wp-block-columns is-layout-flex wp-container-core-columns-is-layout-9d6595d7 wp-block-columns-is-layout-flex\">\n<div class=\"wp-block-column is-layout-flow wp-block-column-is-layout-flow\">\n<figure class=\"wp-block-image size-large\"><img loading=\"lazy\" decoding=\"async\" width=\"956\" height=\"1024\" src=\"https:\/\/www.as-i.pl\/wp-content\/uploads\/2022\/07\/gsd-956x1024.png\" alt=\"\" class=\"wp-image-2567\" srcset=\"https:\/\/www.as-i.pl\/wp-content\/uploads\/2022\/07\/gsd-956x1024.png 956w, https:\/\/www.as-i.pl\/wp-content\/uploads\/2022\/07\/gsd-280x300.png 280w, https:\/\/www.as-i.pl\/wp-content\/uploads\/2022\/07\/gsd-768x823.png 768w, https:\/\/www.as-i.pl\/wp-content\/uploads\/2022\/07\/gsd.png 1000w\" sizes=\"auto, (max-width: 956px) 100vw, 956px\" \/><\/figure>\n<\/div>\n\n\n\n<div class=\"wp-block-column is-layout-flow wp-block-column-is-layout-flow\">\n<p>&nbsp;<\/p>\n<p style=\"text-align: justify;\"><span style=\"color: #000000;\">Na stronie internetowej Bihl+Wiedemann mo\u017cna znale\u017a\u0107 wszystkie nasze bramki ASi<span class=\"Apple-converted-space\">&nbsp; <\/span>(Gateway). Dla ka\u017cdej z nich, w zak\u0142adce z za\u0142\u0105cznikami (<i>Downloads<\/i>), dost\u0119pne s\u0105 niezb\u0119dne pliki urz\u0105dze\u0144, odpowiednie dla okre\u015blonych sieci nadrz\u0119dnych, jak r\u00f3wnie\u017c dok\u0142adne instrukcje obs\u0142ugi &#8211; zar\u00f3wno samych bramek jak i odpowiadaj\u0105cych im interfejs\u00f3w komunikacyjnych. W instrukcjach sieci nadrz\u0119dnych znajdziemy szczeg\u00f3\u0142owe informacje dotycz\u0105ce obszar\u00f3w danych (obrazy danych wej\u015bciowych, wyj\u015bciowych itp.) dost\u0119pnych dla sterownik\u00f3w PLC. Wszystkie te informacje znacznie przyspieszaj\u0105 i u\u0142atwiaj\u0105 proces integracji.<span class=\"Apple-converted-space\">&nbsp;<\/span><\/span><\/p>\n\n\n\n<hr class=\"wp-block-separator has-alpha-channel-opacity is-style-dots\"\/>\n\n\n\n<p style=\"text-align: justify;\"><span style=\"color: #000000;\">Dla niekt\u00f3rych system\u00f3w sterownia udost\u0119pniamy przyk\u0142adowe projekty np. dla TIA Portal, zawieraj\u0105ce prost\u0105, podstawow\u0105 konfiguracj\u0119 dla cyklicznej wymiany danych i diagnostyki. Podobnie jak inne materia\u0142y s\u0105 one dost\u0119pne po uprzedniej rejestracji na stronie Bihl+Wiedemann.<\/span><\/p>\n<p style=\"text-align: justify;\"><span class=\"Apple-converted-space\">&nbsp;<\/span><\/p>\n\n\n\n<figure class=\"wp-block-image size-large\"><img loading=\"lazy\" decoding=\"async\" width=\"1024\" height=\"252\" src=\"https:\/\/www.as-i.pl\/wp-content\/uploads\/2022\/07\/Screenshot-2022-07-15-at-13.20.19-1024x252.png\" alt=\"\" class=\"wp-image-2570\" srcset=\"https:\/\/www.as-i.pl\/wp-content\/uploads\/2022\/07\/Screenshot-2022-07-15-at-13.20.19-1024x252.png 1024w, https:\/\/www.as-i.pl\/wp-content\/uploads\/2022\/07\/Screenshot-2022-07-15-at-13.20.19-300x74.png 300w, https:\/\/www.as-i.pl\/wp-content\/uploads\/2022\/07\/Screenshot-2022-07-15-at-13.20.19-768x189.png 768w, https:\/\/www.as-i.pl\/wp-content\/uploads\/2022\/07\/Screenshot-2022-07-15-at-13.20.19.png 1040w\" sizes=\"auto, (max-width: 1024px) 100vw, 1024px\" \/><\/figure>\n<\/div>\n<\/div>\n\n\n\n<div style=\"height:22px\" aria-hidden=\"true\" class=\"wp-block-spacer\"><\/div>\n\n\n\n<h3><b>3.2. Pomiary kontrolne i zatwierdzaj\u0105ce<span class=\"Apple-converted-space\">&nbsp;<\/span><\/b><\/h3>\n<p style=\"text-align: justify;\"><span style=\"color: #000000;\">Na koniec zalecane jest wykonanie szczeg\u00f3\u0142owej kontroli ca\u0142ego, dzia\u0142aj\u0105cego systemu za pomoc\u0105 naszego<\/span> <span style=\"color: #000080;\"><a style=\"color: #000080;\" href=\"https:\/\/www.as-i.pl\/index.php\/2021\/12\/21\/diagnostyka-z-bihlwiedemann-prosty-i-przyjazny-proces-kontroli-sieci-as-interface\/\" target=\"_blank\" rel=\"noopener\">oprogramowania diagnostycznego<\/a><\/span>.<span class=\"Apple-converted-space\">&nbsp;<\/span><\/p>\n<p style=\"text-align: justify;\"><span style=\"color: #000000;\">Po uruchomieniu oprogramowanie samodzielnie tworzy szczeg\u00f3\u0142owy raport, kt\u00f3ry mo\u017cna do\u0142\u0105czy\u0107 do dokumentacji instalacji i przekaza\u0107 odbiorcy\/u\u017cytkownikowi przy dostawie systemu. W tym celu nale\u017cy uruchomi\u0107 system na oko\u0142o 30 minut, przechodz\u0105c w miar\u0119 mo\u017cliwo\u015bci przez wszystkie scenariusze jego pracy. Oprogramowanie przez ca\u0142y ten czas monitoruje poprawno\u015b\u0107 pracy i w ten spos\u00f3b okre\u015bla jako\u015b\u0107 instalacji ASi.<span class=\"Apple-converted-space\">&nbsp;<\/span><\/span><\/p>\n\n\n\n<hr class=\"wp-block-separator has-alpha-channel-opacity is-style-wide\"\/>\n\n\n\n<table style=\"width: 100%; border-collapse: collapse; height: 79px;\">\n<tbody>\n<tr style=\"height: 79px; background-color: #ebe8e8;\">\n<td style=\"width: 25%; height: 79px;\"><img loading=\"lazy\" decoding=\"async\" class=\"wp-image-2506 aligncenter\" src=\"https:\/\/www.as-i.pl\/wp-content\/uploads\/2022\/07\/best-practice-300x140.png\" alt=\"\" width=\"169\" height=\"79\" srcset=\"https:\/\/www.as-i.pl\/wp-content\/uploads\/2022\/07\/best-practice-300x140.png 300w, https:\/\/www.as-i.pl\/wp-content\/uploads\/2022\/07\/best-practice.png 500w\" sizes=\"auto, (max-width: 169px) 100vw, 169px\" \/><\/td>\n<td style=\"width: 75%; text-align: justify; height: 79px;\"><span style=\"color: #000000;\">Z wykorzystaniem przycisku \u201c<i>Send Report<\/i>\u201d mo\u017cna przes\u0142a\u0107 rezultat przeprowadzonej kontroli bezpo\u015brednio do in\u017cynier\u00f3w firmy Bihl+Wiedemann do dalszej analizy.<\/span><\/td>\n<\/tr>\n<\/tbody>\n<\/table>\n\n\n\n<hr class=\"wp-block-separator has-alpha-channel-opacity is-style-wide\"\/>\n\n\n\n<div style=\"height:30px\" aria-hidden=\"true\" class=\"wp-block-spacer\"><\/div>\n\n\n\n<h3><b>3.3. Utrzymanie<\/b><\/h3>\n<p style=\"text-align: justify;\"><span style=\"color: #000000;\">Oprogramowanie diagnostyczne Bihl+Wiedemann nadaje si\u0119 r\u00f3wnie\u017c do ci\u0105g\u0142ej kontroli instalacji podczas jej standardowej pracy. Zalecane jest sprawdzanie stanu obwod\u00f3w ASi za pomoc\u0105 oprogramowania diagnostycznego co najmniej raz w roku.<\/span><\/p>\n<p style=\"text-align: justify;\"><span style=\"color: #000000;\">Odtw\u00f3rz poni\u017cszy film oraz sprawd\u017a <span style=\"color: #000080;\"><a style=\"color: #000080;\" href=\"https:\/\/www.as-i.pl\/index.php\/2021\/12\/21\/diagnostyka-z-bihlwiedemann-prosty-i-przyjazny-proces-kontroli-sieci-as-interface\/\" target=\"_blank\" rel=\"noopener\">ten artyku\u0142<\/a><\/span>, aby dowiedzie\u0107 si\u0119 wi\u0119cej o oprogramowaniu diagnostycznym.<\/span><\/p>\n\n\n\n<div style=\"height:33px\" aria-hidden=\"true\" class=\"wp-block-spacer\"><\/div>\n\n\n\n<figure class=\"wp-block-embed aligncenter is-type-video is-provider-vimeo wp-block-embed-vimeo wp-embed-aspect-16-9 wp-has-aspect-ratio\"><div class=\"wp-block-embed__wrapper\"><center>\n<iframe loading=\"lazy\" title=\"Function Range of the Diagnostic Software\" src=\"https:\/\/player.vimeo.com\/video\/651150411?dnt=1&amp;app_id=122963\" width=\"640\" height=\"360\" frameborder=\"0\" allow=\"autoplay; fullscreen; picture-in-picture; clipboard-write\"><\/iframe>\n<\/center><\/div><\/figure>\n\n\n\n<hr class=\"wp-block-separator has-alpha-channel-opacity is-style-dots\"\/>\n\n\n\n<div style=\"height:57px\" aria-hidden=\"true\" class=\"wp-block-spacer\"><\/div>\n\n\n\n<h2 class=\"wp-block-heading\"><strong>4. Jak mo\u017cna uzyska\u0107 wsparcie?<\/strong><\/h2>\n\n\n\n<div style=\"height:12px\" aria-hidden=\"true\" class=\"wp-block-spacer\"><\/div>\n\n\n\n<p style=\"text-align: justify;\"><span style=\"color: #000000;\">Indywidualne konsultacje s\u0105 dla nas bardzo istotne i kluczowe. Celem uzyskania wsparcia zapraszamy do kontaktu telefonicznego, przez email lub formularz kontaktowy<span class=\"Apple-converted-space\">\u00a0<\/span>&#8211;<\/span> <span style=\"color: #000080;\"><a style=\"color: #000080;\" href=\"https:\/\/www.as-i.pl\/index.php\/dane-kontaktowe\/\" target=\"_blank\" rel=\"noopener\">KONTAKT<\/a><\/span>.<span class=\"Apple-converted-space\">\u00a0<\/span><\/p>\n\n\n\n<div style=\"height:34px\" aria-hidden=\"true\" class=\"wp-block-spacer\"><\/div>\n\n\n\n<hr class=\"wp-block-separator has-alpha-channel-opacity is-style-dots\"\/>\n\n\n<div class=\"wp-block-image\">\n<figure class=\"aligncenter size-full\"><a href=\"https:\/\/www.as-i.pl\/wp-content\/uploads\/2023\/08\/Najlepsze_Praktyki_PL.pdf\" target=\"_blank\" rel=\"noreferrer noopener\"><img loading=\"lazy\" decoding=\"async\" width=\"1000\" height=\"286\" src=\"https:\/\/www.as-i.pl\/wp-content\/uploads\/2022\/09\/praktyki_link.png\" alt=\"\" class=\"wp-image-2650\" srcset=\"https:\/\/www.as-i.pl\/wp-content\/uploads\/2022\/09\/praktyki_link.png 1000w, https:\/\/www.as-i.pl\/wp-content\/uploads\/2022\/09\/praktyki_link-300x86.png 300w, https:\/\/www.as-i.pl\/wp-content\/uploads\/2022\/09\/praktyki_link-768x220.png 768w\" sizes=\"auto, (max-width: 1000px) 100vw, 1000px\" \/><\/a><\/figure>\n<\/div>\n\n\n<hr class=\"wp-block-separator has-alpha-channel-opacity is-style-dots\"\/>\n\n\n\n<div style=\"height:72px\" aria-hidden=\"true\" class=\"wp-block-spacer\"><\/div>\n\n\n\n<hr class=\"wp-block-separator has-alpha-channel-opacity is-style-wide\"\/>\n\n\n\n<div style=\"height:100px\" aria-hidden=\"true\" class=\"wp-block-spacer\"><\/div>\n","protected":false},"excerpt":{"rendered":"<p>Jak \u0142atwo mo\u017cna skonfigurowa\u0107 instalacj\u0119 ASi Jakie czynniki s\u0105 szczeg\u00f3lnie wa\u017cne przy doborze odpowiednich komponent\u00f3w ASi? Jak najpro\u015bciej zainstalowa\u0107 now\u0105 sie\u0107 ASi i zintegrowa\u0107 j\u0105 ze sterowaniem wy\u017cszego poziomu? I w jaki spos\u00f3b nasz pakiet oprogramowania, jak r\u00f3wnie\u017c nowa i ulepszona jednostka adresowania ASi-5\/ASi-3, upraszczaj\u0105 sam proces uruchomienia? Ten kr\u00f3tki poradnik ma na celu odpowiedzie\u0107 [&hellip;]<\/p>\n","protected":false},"author":1,"featured_media":2670,"comment_status":"closed","ping_status":"closed","sticky":false,"template":"","format":"standard","meta":{"footnotes":""},"categories":[17,28],"tags":[],"class_list":["post-2487","post","type-post","status-publish","format-standard","has-post-thumbnail","hentry","category-artykuly","category-asi"],"_links":{"self":[{"href":"https:\/\/www.as-i.pl\/index.php\/wp-json\/wp\/v2\/posts\/2487","targetHints":{"allow":["GET"]}}],"collection":[{"href":"https:\/\/www.as-i.pl\/index.php\/wp-json\/wp\/v2\/posts"}],"about":[{"href":"https:\/\/www.as-i.pl\/index.php\/wp-json\/wp\/v2\/types\/post"}],"author":[{"embeddable":true,"href":"https:\/\/www.as-i.pl\/index.php\/wp-json\/wp\/v2\/users\/1"}],"replies":[{"embeddable":true,"href":"https:\/\/www.as-i.pl\/index.php\/wp-json\/wp\/v2\/comments?post=2487"}],"version-history":[{"count":106,"href":"https:\/\/www.as-i.pl\/index.php\/wp-json\/wp\/v2\/posts\/2487\/revisions"}],"predecessor-version":[{"id":4031,"href":"https:\/\/www.as-i.pl\/index.php\/wp-json\/wp\/v2\/posts\/2487\/revisions\/4031"}],"wp:featuredmedia":[{"embeddable":true,"href":"https:\/\/www.as-i.pl\/index.php\/wp-json\/wp\/v2\/media\/2670"}],"wp:attachment":[{"href":"https:\/\/www.as-i.pl\/index.php\/wp-json\/wp\/v2\/media?parent=2487"}],"wp:term":[{"taxonomy":"category","embeddable":true,"href":"https:\/\/www.as-i.pl\/index.php\/wp-json\/wp\/v2\/categories?post=2487"},{"taxonomy":"post_tag","embeddable":true,"href":"https:\/\/www.as-i.pl\/index.php\/wp-json\/wp\/v2\/tags?post=2487"}],"curies":[{"name":"wp","href":"https:\/\/api.w.org\/{rel}","templated":true}]}}