{"id":779,"date":"2020-08-24T11:11:09","date_gmt":"2020-08-24T11:11:09","guid":{"rendered":"https:\/\/www.as-i.pl\/?p=779"},"modified":"2021-09-30T10:46:15","modified_gmt":"2021-09-30T10:46:15","slug":"as-international","status":"publish","type":"post","link":"https:\/\/www.as-i.pl\/index.php\/2020\/08\/24\/as-international\/","title":{"rendered":"AS-International"},"content":{"rendered":"\n<h3 class=\"wp-block-heading\">AS-Interface &#8211; Organizacja bran\u017cowa zajmuj\u0105ca si\u0119 wszystkim zwi\u0105zanym z AS-Interface.<\/h3>\n\n\n\n<p style=\"text-align: justify;\"><span style=\"color: #000000;\">AS-International jest organizacj\u0105 handlow\u0105 dla wszyskich producent\u00f3w i u\u017cytkownik\u00f3w AS-Interface na ca\u0142ym \u015bwiecie. Organizacja zosta\u0142a za\u0142o\u017cona w 1991 roku przez g\u0142\u00f3wnych procent\u00f3w produkt\u00f3w AS-Interface, z kt\u00f3rych ka\u017cdy jest przedsi\u0119biorstwem przemys\u0142owym o r\u00f3\u017cnych strategicznych i ekonomicznych zakresach dzia\u0142ania. Wiedzieli oni, \u017ce nowa technologia mo\u017ce odnie\u015b\u0107 sukces tylko wtedy, gdy niezale\u017cna organizacja u\u017cytkownik\u00f3w b\u0119dzie odpowiedzialna za wprowadzenie nowej technologii dla potencjalnych u\u017cytkownik\u00f3w. Misja organizacji zosta\u0142a bardzo og\u00f3lnie opisana jako &#8222;Promocja interfejs\u00f3w obs\u0142uguj\u0105cych magistral\u0119 dla czujnik\u00f3w binarnych i element\u00f3w wykonawczych&#8221;.<\/span><\/p>\n\n\n\n<p style=\"text-align: justify;\"><span style=\"color: #000000;\">Dzisiaj, oko\u0142o 20 lat p\u00f3\u017aniej, okazuje si\u0119, \u017ce AS-Interface jest bardziej inteligentnym systemem przewodowym, ni\u017c pe\u0142noprawn\u0105 i prawdziw\u0105 magistral\u0105 polow\u0105. R\u00f3wnie\u017c zadania AS-International Association zosta\u0142y tylko w niewystarczaj\u0105cym stopniu opisane za pomoc\u0105 terminu &#8222;promocja&#8221;. W rzeczywisto\u015bci AS-International robi znacznie wi\u0119cej!<\/span><\/p>\n\n\n\n<p style=\"text-align: justify;\"><span style=\"color: #000000;\">Interakcja pomi\u0119dzy producentami AS-Interface i organizacj\u0105 AS-International jest doskona\u0142ym przyk\u0142adem efektywnej wsp\u00f3\u0142pracy. Jako korporacje opieraj\u0105ce si\u0119 na rozwi\u0105zaniach technologicznych, producenci mog\u0105 skoncentrowa\u0107 si\u0119 na tym, co potrafi\u0105 najlepiej, a wi\u0119c rozwoju innowacyjnych, wydajnych i niezawodnych produkt\u00f3w i system\u00f3w. Og\u00f3lny marketing i promocja s\u0105 prowadzone przez AS-International, i to na ca\u0142ym \u015bwiecie. Otwieranie nowych rynk\u00f3w mi\u0119dzynarodowych, jest jednym z podstawowych zada\u0144 organizacji. Cz\u0142onkowie korzystaj\u0105 z ogromnej przewagi, adaptuj\u0105c dzia\u0142ania AS-International, oszcz\u0119dzaj\u0105c jednocze\u015bnie w\u0142asne bud\u017cety marketingowe. W ten spos\u00f3b pewna i sta\u0142a og\u00f3lno\u015bwiatowa obecno\u015b\u0107 staje si\u0119 mo\u017cliwa dla wszystkich &#8211; zar\u00f3wno dla du\u017cych producent\u00f3w, jak i dla ma\u0142ych i \u015brednich przedsi\u0119biorstw oraz firm dopiero &nbsp;rozpoczynaj\u0105cych dzia\u0142alno\u015b\u0107.<\/span><\/p>\n\n\n\n<h3><span style=\"color: #000000;\">Og\u00f3lno\u015bwiatowa obecno\u015b\u0107!<\/span><\/h3>\n<p style=\"text-align: justify;\"><span style=\"color: #000000;\">Sta\u0142a obecno\u015b\u0107 i skoordynowane dzia\u0142ania s\u0105 bardzo istotne, poniewa\u017c s\u0105 one wyra\u017anym wska\u017anikiem, \u017ce system \u017cyje, stale si\u0119 rozwija i faktycznie zdobywa uznanie klient\u00f3w i udzia\u0142 w rynku. Obecno\u015b\u0107 t\u0119 zapewniaj\u0105 lokalne filie AS-International. Utrzymuj\u0105 one kontakt z przedsi\u0119biorstwami i instytucjami, organizuj\u0105 udzia\u0142 w targach, oferuj\u0105 warsztaty i szkolenia, inicjuj\u0105 kontakty biznesowe itd.<\/span><\/p>\n<p style=\"text-align: justify;\"><span style=\"color: #000000;\">U podstaw ca\u0142ej organizacji stoi AS-International Association, z siedzib\u0105 w Niemczech, zajmuj\u0105ca si\u0119 wsp\u00f3ln\u0105 technologi\u0105 i b\u0119d\u0105ca w\u0142a\u015bcicielem i opiekunem znak\u00f3w towarowych. Ponadto AS-International Association koordynuje wszystkie dzia\u0142ania cz\u0142onkowskie w Niemczech. Jest ono punktem kontaktowym dla wszystkich i organizuje globalnie wykorzystywane narz\u0119dzia, jak np. as-interface.net &#8211; centralna platforma komunikacyjna dla \u015bwiatowej spo\u0142eczno\u015bci AS-Interface, kt\u00f3ra obejmuje producent\u00f3w, u\u017cytkownik\u00f3w, instytucje i uniwersytety.<\/span><\/p>\n<p style=\"text-align: justify;\"><span style=\"color: #000000;\">AS-International reprezentuje \u015bwiatow\u0105 spo\u0142eczno\u015b\u0107 producent\u00f3w i u\u017cytkownik\u00f3w. Na dzie\u0144 dzisiejszy, dwana\u015bcie niezale\u017cnie ustrukturyzowanych organizacji lokalnych na trzech kontynentach zapewnia dost\u0119p do lokalnych i mi\u0119dzynarodowych rynk\u00f3w, \u00a0d\u0105\u017c\u0105c do osi\u0105gni\u0119cia podstawowego d\u0142ugoterminowego celu strategicznego, jakim jest zdobycie rynku globalnego w wykorzystaniem naszej wydajnej i ekonomicznie uzasadnionej technologii, przeznaczonej dla ni\u017cszego poziomu automatyzacji.<\/span><\/p>\n\n\n\n<hr class=\"wp-block-separator\"\/>\n","protected":false},"excerpt":{"rendered":"<p>Mi\u0119dzynarodowa organizacja zrzeszaj\u0105ca wszystkie firmy wspieraj\u0105ce AS-Interface, kt\u00f3rej podstawowym zadaniem jest promocja rozwi\u0105za\u0144 ASi na wszystkich rynkach. Siedziba G\u0142owna w Niemczech<\/p>\n","protected":false},"author":1,"featured_media":630,"comment_status":"closed","ping_status":"closed","sticky":false,"template":"","format":"standard","meta":{"footnotes":""},"categories":[9],"tags":[],"class_list":["post-779","post","type-post","status-publish","format-standard","has-post-thumbnail","hentry","category-linki"],"_links":{"self":[{"href":"https:\/\/www.as-i.pl\/index.php\/wp-json\/wp\/v2\/posts\/779","targetHints":{"allow":["GET"]}}],"collection":[{"href":"https:\/\/www.as-i.pl\/index.php\/wp-json\/wp\/v2\/posts"}],"about":[{"href":"https:\/\/www.as-i.pl\/index.php\/wp-json\/wp\/v2\/types\/post"}],"author":[{"embeddable":true,"href":"https:\/\/www.as-i.pl\/index.php\/wp-json\/wp\/v2\/users\/1"}],"replies":[{"embeddable":true,"href":"https:\/\/www.as-i.pl\/index.php\/wp-json\/wp\/v2\/comments?post=779"}],"version-history":[{"count":17,"href":"https:\/\/www.as-i.pl\/index.php\/wp-json\/wp\/v2\/posts\/779\/revisions"}],"predecessor-version":[{"id":2157,"href":"https:\/\/www.as-i.pl\/index.php\/wp-json\/wp\/v2\/posts\/779\/revisions\/2157"}],"wp:featuredmedia":[{"embeddable":true,"href":"https:\/\/www.as-i.pl\/index.php\/wp-json\/wp\/v2\/media\/630"}],"wp:attachment":[{"href":"https:\/\/www.as-i.pl\/index.php\/wp-json\/wp\/v2\/media?parent=779"}],"wp:term":[{"taxonomy":"category","embeddable":true,"href":"https:\/\/www.as-i.pl\/index.php\/wp-json\/wp\/v2\/categories?post=779"},{"taxonomy":"post_tag","embeddable":true,"href":"https:\/\/www.as-i.pl\/index.php\/wp-json\/wp\/v2\/tags?post=779"}],"curies":[{"name":"wp","href":"https:\/\/api.w.org\/{rel}","templated":true}]}}